{"id":430117,"date":"2025-06-01T09:51:42","date_gmt":"2025-06-01T07:51:42","guid":{"rendered":"https:\/\/www.laclusaz.com\/le-mag\/geen-onderdeel-van-een-categorie\/que-faire-en-juin-a-la-clusaz\/"},"modified":"2025-06-01T09:51:42","modified_gmt":"2025-06-01T07:51:42","slug":"que-faire-en-juin-a-la-clusaz","status":"publish","type":"post","link":"https:\/\/www.laclusaz.com\/nl\/le-mag\/inspirations-nl\/que-faire-en-juin-a-la-clusaz\/","title":{"rendered":"Que faire en Juin \u00e0 La Clusaz ?"},"content":{"rendered":"<p>Mois de juin&#8230; retour des copains ! Marmottes, chamois, bouquetins&#8230; Lequel d&#8217;entre eux aurez-vous la chance de croiser ? P\u00e9riode parfaite pour sortir les jumelles. N&#8217;oubliez pas que la neige est toujours bien pr\u00e9sente dans les combes, alors pensez \u00e0 venir nous voir pour conna\u00eetre les sentiers balis\u00e9s et vous pr\u00e9lasser en toute s\u00e9r\u00e9nit\u00e9. Nous vous avons concoct\u00e9 ci-dessous une liste non exhaustive d\u2019activit\u00e9s \u00e0 faire \u00e0 La Clusaz. Il y en a pour tous les go\u00fbts et toutes les envies, pour les grands comme pour les petits ! C&#8217;est aussi le retour des animations, qui commencent avec l&#8217;arriv\u00e9e du B\u00e9lier VTT !<\/p>\n","protected":false},"excerpt":{"rendered":"<span class=\"excerpt-link\">Lire plus<\/span>","protected":false},"author":2,"featured_media":0,"comment_status":"closed","ping_status":"closed","sticky":false,"template":"","format":"standard","meta":{"_acf_changed":false,"inline_featured_image":false,"footnotes":""},"categories":[1654],"tags":[],"class_list":["post-430117","post","type-post","status-publish","format-standard","hentry","category-inspirations-nl"],"acf":{"page_blocks":[{"acf_fc_layout":"one-col-content","contenu_1_colonne":"<p><em>Les informations ci-dessous ont \u00e9t\u00e9 collect\u00e9es aupr\u00e8s des prestataires et sites touristiques \u00e0 une date donn\u00e9e. <\/em><em>L\u2019Office de Tourisme ne peut \u00eatre tenu responsable des \u00e9ventuels changements et vous invite \u00e0 contacter directement les prestataires ou sites pour confirmation d\u00e9finitive.<\/em><\/p>\n<p><em>Actualis\u00e9 le 11\/04\/2026<\/em><\/p>\n"},{"acf_fc_layout":"one-col-content","contenu_1_colonne":"<p><img loading=\"lazy\" decoding=\"async\" class=\"wp-image-201471 size-full aligncenter\" src=\"https:\/\/www.laclusaz.com\/app\/uploads\/2023\/04\/SIMA-ete-2020_La-Clusaz_Corbassieres_148-scaled-e1744814423258.jpg\" alt=\"\" width=\"1920\" height=\"822\" srcset=\"https:\/\/www.laclusaz.com\/app\/uploads\/2023\/04\/SIMA-ete-2020_La-Clusaz_Corbassieres_148-scaled-e1744814423258.jpg 1920w, https:\/\/www.laclusaz.com\/app\/uploads\/2023\/04\/SIMA-ete-2020_La-Clusaz_Corbassieres_148-scaled-e1744814423258-300x128.jpg 300w, https:\/\/www.laclusaz.com\/app\/uploads\/2023\/04\/SIMA-ete-2020_La-Clusaz_Corbassieres_148-scaled-e1744814423258-1024x438.jpg 1024w, https:\/\/www.laclusaz.com\/app\/uploads\/2023\/04\/SIMA-ete-2020_La-Clusaz_Corbassieres_148-scaled-e1744814423258-768x329.jpg 768w, https:\/\/www.laclusaz.com\/app\/uploads\/2023\/04\/SIMA-ete-2020_La-Clusaz_Corbassieres_148-scaled-e1744814423258-1536x658.jpg 1536w, https:\/\/www.laclusaz.com\/app\/uploads\/2023\/04\/SIMA-ete-2020_La-Clusaz_Corbassieres_148-scaled-e1744814423258-130x56.jpg 130w\" sizes=\"auto, (max-width: 1920px) 100vw, 1920px\" \/><\/p>\n<h2 style=\"text-align: center;\">les activit\u00e9s culturelles &amp; divertissements<\/h2>\n"},{"acf_fc_layout":"two-col-content","contenu_gauche":{"type_de_contenu_gauche":"texte","contenu_texte_gauche":"<h3><strong>Le Hameau des Alpes<\/strong><\/h3>\n<p>Un espace mus\u00e9ographique, ludique et moderne, sur les th\u00e9matiques du reblochon, de l&#8217;histoire de la station et de l&#8217;\u00e9volution du ski, au c\u0153ur d&#8217;un site patrimonial regroupant un chalet traditionnel, d&#8217;anciens greniers, un four banal et une ancienne scierie.<br \/>\n\ud83d\udcc5\u00a0 Mercredi, vendredi, samedi et dimanche de 14h \u00e0 18h30.<br \/>\n\ud83d\udcde 04 50 66 94 34<\/p>\n<p><a class=\"button-arrow\" href=\"https:\/\/www.laclusaz.com\/reservation\/experiences\/FRA\/306dd6e7-30ef-4be2-9405-8846e18cae20\/admission-ticket---hameau-des-alpes\">INFORMATIONS ET R\u00c9SERVATION<\/a><\/p>\n<h3><strong>Go\u00fbter \u00e0 la ferme des Corbassi\u00e8res<\/strong><strong>\u00a0<\/strong><\/h3>\n<p>Profitez d\u2019une pause gourmande pour d\u00e9couvrir le vrai go\u00fbt des produits fermiers.<br \/>\nPossibilit\u00e9 de manger \u00e9galement le midi et le soir, sur r\u00e9servation uniquement.<br \/>\n\u2022 En voiture : Route de la Patton jusqu&#8217;au Lac de La Ferriaz, puis 20 min de marche.<br \/>\n\u2022 \u00c0 pied\u00a0: depuis le village, par le sentier de randonn\u00e9e, 1h30 de marche.<br \/>\n\u2022 En remont\u00e9e m\u00e9canique : avec la t\u00e9l\u00e9cabine de Beauregard, uniquement les week-ends \u00e0 partir du 13 juin, puis 20 min de marche.<br \/>\n\ud83d\udcc5 <em>Ouverture \u00e0 confirmer aupr\u00e8s de la ferme<\/em>.<br \/>\n\ud83d\udcde 04 50 32 63 81 (ou 06 71 11 34 90)<\/p>\n<p><a class=\"button-arrow\" href=\"https:\/\/www.laclusaz.com\/details\/la-ferme-des-corbassieres\/\">Plus d&#8217;infos<\/a><\/p>\n<h3><strong>la ferme de LORETTE<\/strong><strong>\u00a0<\/strong><\/h3>\n<p>Sur le Plateau de Beauregard. Vente \u00e0 la ferme et petite buvette, visite libre et traite des vaches \u00e0 15h30.<br \/>\n\u2022 Par le Col de la Croix Fry, puis 1h de marche<br \/>\n\u2022 Par la t\u00e9l\u00e9cabine de Beauregard, uniquement les week-ends \u00e0 partir du 14 juin, puis 20 min de marche.<br \/>\n\ud83d\udcc5 <em>Ouverture \u00e0 confirmer aupr\u00e8s de la ferme<\/em>.<br \/>\n\ud83d\udcde 06 78 12 55 05<\/p>\n<p><a class=\"button-arrow\" href=\"https:\/\/www.fromagerielafermedelorette.fr\/visite-de-la-ferme-de-lorette-aravis\/\">PLUS D&#8217;INFOS<\/a><\/p>\n","contenu_image_gauche":false,"caption":""},"contenu_droite":{"type_de_contenu_droite":"texte","contenu_image_droite":false,"caption":"","contenu_texte_droite":"<h3><strong>Distillerie des Aravis<\/strong><\/h3>\n<p>\ud83d\udcc5 Magasin ouvert du mardi au samedi, de 10h \u00e0 12h et de 14h \u00e0 18h.<br \/>\nVisites guid\u00e9es sur <a href=\"http:\/\/distilleriearavis.fr\/visite-de-la-distillerie\/\">r\u00e9servation<\/a> du jeudi au samedi, de 16h \u00e0 17h. \u00e0 6\u20ac par personne, gratuit pour les moins de 14 ans. D\u00e9gustation offerte.<br \/>\n\ud83d\udcde 04 50 02 63 80<\/p>\n<p><a class=\"button-arrow\" href=\"https:\/\/distilleriearavis.fr\/\">Plus d&#8217;infos<\/a><\/p>\n<h3><strong>Biblioth\u00e8que<\/strong><\/h3>\n<p>\ud83d\udcc5 Lundi de 10h \u00e0 12h, mercredi et samedi de 17h \u00e0 19h.<br \/>\n\ud83d\udcde 04 50 02 41 01<\/p>\n<p><a class=\"button-arrow\" href=\"https:\/\/www.laclusaz.com\/details\/bibliotheque\/\">Plus d&#8217;infos<\/a><\/p>\n<h3><strong>Bowling<\/strong><\/h3>\n<p>\ud83d\udcc5 Tous les jours de 16h \u00e0 01h<br \/>\nLes r\u00e9servations se font uniquement par t\u00e9l\u00e9phone\/SMS en pr\u00e9cisant la date et l&#8217;heure souhait\u00e9es, le nombre de joueurs ainsi que le nombre de parties.<br \/>\n\ud83d\udcde 07 83 03 52 56<\/p>\n<p><a class=\"button-arrow\" href=\"http:\/\/www.bowling-laclusaz.fr\/\">Plus d&#8217;infos<\/a><\/p>\n<h3><strong>Bridge Club<\/strong><\/h3>\n<p>\ud83d\udcc5 Tournois tous les lundis et jeudis \u00e0 16h30 \u00e0 la Salle Edelweiss (15 Route de l\u2019Etale, 3\u00e8me \u00e9tage)<br \/>\nSe pr\u00e9senter directement sur place.<br \/>\n\ud83d\udcde 06 66 42 24 88<\/p>\n"}},{"acf_fc_layout":"one-col-content","contenu_1_colonne":"<h3><img loading=\"lazy\" decoding=\"async\" class=\"aligncenter wp-image-325113 size-full\" src=\"https:\/\/www.laclusaz.com\/app\/uploads\/2023\/04\/18339011.jpg\" alt=\"\" width=\"2039\" height=\"1049\" srcset=\"https:\/\/www.laclusaz.com\/app\/uploads\/2023\/04\/18339011.jpg 2039w, https:\/\/www.laclusaz.com\/app\/uploads\/2023\/04\/18339011-300x154.jpg 300w, https:\/\/www.laclusaz.com\/app\/uploads\/2023\/04\/18339011-1024x527.jpg 1024w, https:\/\/www.laclusaz.com\/app\/uploads\/2023\/04\/18339011-768x395.jpg 768w, https:\/\/www.laclusaz.com\/app\/uploads\/2023\/04\/18339011-1536x790.jpg 1536w, https:\/\/www.laclusaz.com\/app\/uploads\/2023\/04\/18339011-130x67.jpg 130w\" sizes=\"auto, (max-width: 2039px) 100vw, 2039px\" \/><\/h3>\n<h2 style=\"text-align: center;\"><strong>LES<\/strong><strong> A<\/strong><strong>CTIVIT\u00c9S<\/strong><strong> OUTDOOR<\/strong><\/h2>\n"},{"acf_fc_layout":"one-col-content","contenu_1_colonne":"<h3><strong>Randonn\u00e9es p\u00e9destres<\/strong><\/h3>\n<p>\ud83d\udccdSentiers ouverts et accessibles selon enneigement, renseignements aupr\u00e8s de l\u2019Office de Tourisme.<\/p>\n<p>\u2022 Documentation en vente \u00e0 l&#8217;Office de Tourisme : carte exhaustive des sentiers pi\u00e9tons balis\u00e9s en vente (5\u20ac), topo-guides th\u00e9matiques \u00ab Balades en famille \u00bb et \u00ab Randonn\u00e9es sportives incontournables \u00bb (3\u20ac).<br \/>\n\u2022 Application de g\u00e9o-guidage &#8220;Lac annecy Aravis Outdoor&#8221;, t\u00e9l\u00e9chargeable gratuitement sur Apple et Google Store : reprend certaines des randonn\u00e9es balis\u00e9es.<\/p>\n<h3><strong>Via Ferrata\u00a0<\/strong><\/h3>\n<p>\ud83d\udccd Site &#8220;Yves Pollet Villard&#8221; au Col des Aravis. Acc\u00e8s Libre, selon les conditions m\u00e9t\u00e9orologiques.<\/p>\n<p>Possibilit\u00e9 d&#8217;encadrement avec le\u00a0Bureau des Guides<br \/>\n\ud83d\udcde 04 50 63 35 99 ou 06 14 11 58 68<\/p>\n<p>Location de mat\u00e9riel :<br \/>\n\u2022 \u00e0 La Clusaz : Alpine Ride (04 50 10 96 68), le week-end uniquement \u00e0 partir du 13 juin.<br \/>\n\u2022 \u00e0 Saint-Jean-de-Sixt : Saint-Jean-Sport (04 50 02 30 89).<\/p>\n<h3><strong>Escalade<\/strong><\/h3>\n<p>\ud83d\udccd Falaise-\u00e9cole des Aravis \u00e0 La Clusaz et divers autres sites dans la r\u00e9gion. Acc\u00e8s Libre, selon les conditions m\u00e9t\u00e9orologiques. Topo en consultation \u00e0 l\u2019Office de Tourisme et en vente \u00e0 la Maison de la Presse.<\/p>\n<p>Possibilit\u00e9 d\u2019encadrement avec le Bureau des Guides<br \/>\n\ud83d\udcde 04 50 63 35 99 ou 06 14 11 58 68<\/p>\n<h3><strong>Cyclisme (v\u00e9lo de route) <\/strong><\/h3>\n<p class=\"LC20lb MBeuO DKV0Md\">\ud83d\udccd Nombreux cols et circuits \u00e0 proximit\u00e9, en acc\u00e8s libre.<br \/>\nCarte des itin\u00e9raires disponible gratuitement \u00e0 l\u2019Office de Tourisme.<\/p>\n<p><a class=\"button-arrow\" href=\"https:\/\/www.annecymountains.com\/mes-envies\/cyclo\/\">PLUS D&#8217;INFOS<\/a><\/p>\n"},{"acf_fc_layout":"one-col-content","contenu_1_colonne":"<p><img loading=\"lazy\" decoding=\"async\" class=\"alignnone size-full wp-image-320103\" src=\"https:\/\/www.laclusaz.com\/app\/uploads\/2025\/03\/BELIER_VTT_22_Samedi\u252c\u00aeC.HUDRY-19-scaled.jpg\" alt=\"\" width=\"2560\" height=\"1707\" srcset=\"https:\/\/www.laclusaz.com\/app\/uploads\/2025\/03\/BELIER_VTT_22_Samedi\u252c\u00aeC.HUDRY-19-scaled.jpg 2560w, https:\/\/www.laclusaz.com\/app\/uploads\/2025\/03\/BELIER_VTT_22_Samedi\u252c\u00aeC.HUDRY-19-300x200.jpg 300w, https:\/\/www.laclusaz.com\/app\/uploads\/2025\/03\/BELIER_VTT_22_Samedi\u252c\u00aeC.HUDRY-19-1024x683.jpg 1024w, https:\/\/www.laclusaz.com\/app\/uploads\/2025\/03\/BELIER_VTT_22_Samedi\u252c\u00aeC.HUDRY-19-768x512.jpg 768w, https:\/\/www.laclusaz.com\/app\/uploads\/2025\/03\/BELIER_VTT_22_Samedi\u252c\u00aeC.HUDRY-19-540x360.jpg 540w, https:\/\/www.laclusaz.com\/app\/uploads\/2025\/03\/BELIER_VTT_22_Samedi\u252c\u00aeC.HUDRY-19-1536x1024.jpg 1536w, https:\/\/www.laclusaz.com\/app\/uploads\/2025\/03\/BELIER_VTT_22_Samedi\u252c\u00aeC.HUDRY-19-2048x1365.jpg 2048w, https:\/\/www.laclusaz.com\/app\/uploads\/2025\/03\/BELIER_VTT_22_Samedi\u252c\u00aeC.HUDRY-19-130x87.jpg 130w\" sizes=\"auto, (max-width: 2560px) 100vw, 2560px\" \/><\/p>\n<h2 style=\"text-align: center;\">VTT<\/h2>\n"},{"acf_fc_layout":"two-col-content","contenu_gauche":{"type_de_contenu_gauche":"texte","contenu_texte_gauche":"<p><span class=\"green-under\"><strong>Parcours\u00a0<\/strong><\/span><\/p>\n<p>Nombreux itin\u00e9raires XC balis\u00e9s.<br \/>\n\u2022 Application de g\u00e9o-guidage \u00ab Lac Annecy Aravis Outdoor\u00bb, prochainement disponible gratuitement sur Apple et Google Store.<br \/>\n\u2022 Carte Annecy Mountain disponible \u00e0 l&#8217;Office de Tourisme<br \/>\n\u2022 Plan int\u00e9ractif <a href=\"https:\/\/www.annecymountains.com\/velo\/vtt\/\" target=\"_blank\" rel=\"noopener\">Annecy Mountain<\/a><\/p>\n","contenu_image_gauche":false,"caption":""},"contenu_droite":{"type_de_contenu_droite":"texte","contenu_image_droite":false,"caption":"","contenu_texte_droite":"<p><span class=\"green-under\"><strong>Cours et sorties encadr\u00e9es<\/strong><\/span><\/p>\n<ul>\n<li><strong>\u00a0<\/strong><strong style=\"font-size: 1.125em;\">Evolution 2<\/strong><\/li>\n<\/ul>\n<p><span class=\"OYPEnA text-decoration-none text-strikethrough-none\"><span style=\"font-size: 1.125em;\">\ud83d\udcde <\/span><\/span>04 50 02 81 29<\/p>\n<p><a class=\"button-arrow\" href=\"https:\/\/evolution2.com\/la-clusaz\">Plus d&#8217;infos<\/a><\/p>\n"}},{"acf_fc_layout":"one-col-content","contenu_1_colonne":"<p><span class=\"green-under\"><strong>Locations de VTT<\/strong><\/span><\/p>\n"},{"acf_fc_layout":"two-col-content","contenu_gauche":{"type_de_contenu_gauche":"texte","contenu_texte_gauche":"<ul>\n<li><strong>Alpes Aventures<\/strong><\/li>\n<\/ul>\n<p>\ud83d\udcde 04 58 23 10 00<br \/>\n\ud83d\udcc5 Ouvert du mercredi au samedi de 9h \u00e0 12h et de 14h \u00e0 17h30 ; puis tous les jours de 9h \u00e0 18h \u00e0 partir du 13 juin.<\/p>\n<p><a class=\"button-arrow\" href=\"https:\/\/www.alpesaventures.com\/laclusaz\/\">PLUS D&#8217;INFOS<\/a><\/p>\n<ul>\n<li><strong>Bossonnet Pro Shop<\/strong><\/li>\n<\/ul>\n<p>\ud83d\udcde 04 50 02 41 18<br \/>\n\ud83d\udcc5 Ouvert le week-end \u00e0 partir du 13 juin.<\/p>\n<p><a class=\"button-arrow\" href=\"https:\/\/bossonnetproshop-bike.notresphere.com\/\">PLUS D&#8217;INFOS<\/a><\/p>\n<ul>\n<li><strong>Le Schuss<\/strong><\/li>\n<\/ul>\n<p>\ud83d\udcde 04 50 02 42 68<br \/>\n\ud83d\udcc5 Ouvert le week-end de 9h \u00e0 18h, et la semaine sur RDV.<\/p>\n<p><a class=\"button-arrow\" href=\"http:\/\/www.le-schuss.com\/\">Plus d&#8217;infos<\/a><\/p>\n","contenu_image_gauche":false,"caption":""},"contenu_droite":{"type_de_contenu_droite":"texte","contenu_image_droite":false,"caption":"","contenu_texte_droite":"<ul>\n<li><strong>Sport Boutique<\/strong><\/li>\n<\/ul>\n<p>\ud83d\udcde 04 50 02 42 05<br \/>\n\ud83d\udcc5 Ouvert tous les jours \u00e0 partir du 13 juin de 10h \u00e0 12h30 et de 15h \u00e0 19h.<\/p>\n<p><a class=\"button-arrow\" href=\"https:\/\/sportboutique.fr\/\">plus d&#8217;infos<\/a><\/p>\n<ul>\n<li><strong>Alpine Ride\u00a0<\/strong><\/li>\n<\/ul>\n<p>\ud83d\udcde 04 50 10 96 68<br \/>\n\ud83d\udcc5 Ouvert le week-end \u00e0 partir du 13 juin.<\/p>\n<p><a class=\"button-arrow\" href=\"https:\/\/alpineride.fr\/\">plus d&#8217;infos\u00a0<\/a><\/p>\n"}},{"acf_fc_layout":"one-col-content","contenu_1_colonne":"<h3><strong>BIKE PARK<\/strong><\/h3>\n<p>5 pistes DH (une verte, deux bleues, une rouge et une noire), 6 pistes Enduro (une bleue, quatre rouges et une variante noire), 3 spots techniques (Wall Ride, North Shore, Family Run), tout \u00e7a accessible gr\u00e2ce \u00e0 3 remont\u00e9es m\u00e9caniques : TC Beauregard, TS Cr\u00eat du Merle, TS Cr\u00eat du Loup.<\/p>\n<p>\ud83d\udcc5 Ouvert uniquement les week-ends : 14-15, 21-22 et 28-29 juin.<\/p>\n<p>\ud83d\udcde 04 50 32 65 15<\/p>\n<p><a class=\"button-arrow\" href=\"https:\/\/forfait.laclusaz.com\/fr\/forfaits-vtt\">Plus d&#8217;infos<\/a><\/p>\n"},{"acf_fc_layout":"one-col-content","contenu_1_colonne":"<p><img loading=\"lazy\" decoding=\"async\" class=\"aligncenter wp-image-202699 size-full\" src=\"https:\/\/www.laclusaz.com\/app\/uploads\/2023\/04\/Lude-ete-La-Clusaz-2019\u00a9C.HUDRY-2-scaled-e1744814161193.jpg\" alt=\"\" width=\"1920\" height=\"857\" srcset=\"https:\/\/www.laclusaz.com\/app\/uploads\/2023\/04\/Lude-ete-La-Clusaz-2019\u00a9C.HUDRY-2-scaled-e1744814161193.jpg 1920w, https:\/\/www.laclusaz.com\/app\/uploads\/2023\/04\/Lude-ete-La-Clusaz-2019\u00a9C.HUDRY-2-scaled-e1744814161193-300x134.jpg 300w, https:\/\/www.laclusaz.com\/app\/uploads\/2023\/04\/Lude-ete-La-Clusaz-2019\u00a9C.HUDRY-2-scaled-e1744814161193-1024x457.jpg 1024w, https:\/\/www.laclusaz.com\/app\/uploads\/2023\/04\/Lude-ete-La-Clusaz-2019\u00a9C.HUDRY-2-scaled-e1744814161193-768x343.jpg 768w, https:\/\/www.laclusaz.com\/app\/uploads\/2023\/04\/Lude-ete-La-Clusaz-2019\u00a9C.HUDRY-2-scaled-e1744814161193-1536x686.jpg 1536w, https:\/\/www.laclusaz.com\/app\/uploads\/2023\/04\/Lude-ete-La-Clusaz-2019\u00a9C.HUDRY-2-scaled-e1744814161193-130x58.jpg 130w\" sizes=\"auto, (max-width: 1920px) 100vw, 1920px\" \/><\/p>\n<h3><strong>Remont\u00e9es m\u00e9caniques<\/strong><\/h3>\n<p>\ud83d\udcc5 Ouvert uniquement les week-ends : 13-14 juin, 20-21 juin et 27-28 juin.<br \/>\n\u2022 T\u00e9l\u00e9cabine de Beauregard &#8211; de 9h30 \u00e0 17h30.<br \/>\n\u2022 T\u00e9l\u00e9si\u00e8ge du Merle &#8211; de 9h30 \u00e0 17h15.<br \/>\n\u2022 T\u00e9l\u00e9si\u00e8ge du Loup &#8211; de 9h40 \u00e0 17h00.<br \/>\n\u2022 T\u00e9l\u00e9cabine de la Patinoire \u2013 de 13h45 \u00e0 17h30 (uniquement pour la luge d&#8217;\u00e9t\u00e9 ; acc\u00e8s interdit aux VTT)<\/p>\n<p><span class=\"OYPEnA text-decoration-none text-strikethrough-none\"><span style=\"font-size: 1.125em;\">\ud83d\udcde <\/span><\/span>04 50 02 45 64<\/p>\n<p><a class=\"button-arrow\" href=\"https:\/\/forfait.laclusaz.com\/fr\/\">Plus d&#8217;infos<\/a><\/p>\n<h3><strong>Luge des pr\u00e9s<\/strong><\/h3>\n<p>2 pistes de 800 m avec acc\u00e8s en t\u00e9l\u00e9cabine (interdit aux VTT).<\/p>\n<p>\ud83d\udcc5 Les week-ends du 13-14 juin, 20-21 juin et 27-28 juin de 13h45 \u00e0 17h30.<\/p>\n<p><span class=\"OYPEnA text-decoration-none text-strikethrough-none\"><span style=\"font-size: 1.125em;\">\ud83d\udcde<\/span><\/span>\u00a004 50 02 45 64<\/p>\n<p><a class=\"button-arrow\" href=\"https:\/\/forfait.laclusaz.com\/fr\/luge-ete\">PLUS D&#8217;INFOS<\/a><\/p>\n<p>&nbsp;<\/p>\n<h3><strong>Nouveaut\u00e9 2026 : Luge dES BOIS<\/strong><\/h3>\n<p>Luge sur rails 4 saisons au Bossonet<\/p>\n<p>\ud83d\udcc5 Les week-ends du 13-14 juin, 20-21 juin et 27-28 juin de 10h00 \u00e0 17h30.<\/p>\n<p><span class=\"OYPEnA text-decoration-none text-strikethrough-none\"><span style=\"font-size: 1.125em;\">\ud83d\udcde<\/span><\/span>\u00a004 50 02 45 64<\/p>\n<p><a class=\"button-arrow\" href=\"https:\/\/forfait.laclusaz.com\/fr\/luge-des-bois\">PLUS D&#8217;INFOS<\/a><\/p>\n"},{"acf_fc_layout":"one-col-content","contenu_1_colonne":"<h3><strong>Parapente<\/strong><\/h3>\n<ul>\n<li><strong>S&#8217;en Ciel<\/strong><\/li>\n<\/ul>\n<p>Parapente biplace. Accessible \u00e0 partir de 20 kg et jusqu&#8217;\u00e0 110 kg. Tarifs de 65 \u20ac \u00e0 175 \u20ac en fonction du type de vol. Information et r\u00e9servation en ligne sur parapentelaclusaz.com<br \/>\n\ud83d\udcde 06 11 82 72 05 (Tanya) ou 06 60 55 33 57 (Fred)<\/p>\n<p><a class=\"button-arrow\" href=\"https:\/\/parapentelaclusaz.com\/\">Plus d&#8217;infos<\/a><\/p>\n<ul>\n<li><strong>Aravis Parapente<\/strong><\/li>\n<\/ul>\n<p>Bapt\u00eame, pente \u00e9cole, biplaces p\u00e9dagogiques. Vols en biplace accessibles \u00e0 partir de 20 kg et jusqu&#8217;\u00e0 110 kg, pour les personnes sportives. Tarifs de 60 \u20ac \u00e0 167 \u20ac en fonction des pr\u00e9f\u00e9rences et choix de vol (majoration de 5\u20ac par vol pour la mont\u00e9e en voiture en cas de remont\u00e9es m\u00e9caniques ferm\u00e9es). Information et r\u00e9servation en ligne sur aravis-parapente.com<br \/>\n\ud83d\udcde 06 88 07 04 72 (Samuel)<\/p>\n<p><a class=\"button-arrow\" href=\"https:\/\/aravis-parapente.wixsite.com\/aravis-parapente\">Plus d&#8217;infos<\/a><\/p>\n<h3><strong>GOLF DES CONFINS<\/strong><\/h3>\n<p>Parcours 2&#215;6 trous, practice, putting green, cours, location de mat\u00e9riel.<br \/>\n\ud83d\udcc5 Ouvert les weekends et les jours f\u00e9ri\u00e9s, de 10h \u00e0 12h30 et de 13h30 \u00e0 18h30.<br \/>\n\ud83d\udcde 06 37 48 35 99<\/p>\n<p><a class=\"button-arrow\" href=\"https:\/\/www.facebook.com\/people\/Golf-des-Confins\/100063716016419\/\">Plus d&#8217;infos<\/a><\/p>\n<h3>LES GALOPINS : Balade avec poneys, \u00e2nes ou lamas<\/h3>\n<p>Location d\u2019\u00e2nes, de poneys et lamas sur le magnifique plateau des Confins. Les enfants \u00e0 partir de 2 ans et jusqu\u2019\u00e0 50 kg peuvent monter sur l&#8217;animal qui est guid\u00e9 par les parents. D\u00e9couverte d&#8217;un espace naturel exceptionnel, d\u00e9paysement garanti !<br \/>\n\ud83d\udcc5 Ouvert tous les mercredis, samedis et dimanches, ainsi que les jours f\u00e9ri\u00e9s, de 9h \u00e0 18h. Sous r\u00e9serve de conditions m\u00e9t\u00e9os favorables.<br \/>\n\ud83d\udcde 07 45 12 31 23<\/p>\n<p><a class=\"button-arrow\" href=\"https:\/\/www.lesgalopins.info\/\">Plus d&#8217;infos<\/a><\/p>\n<h3><strong>Tennis<\/strong><\/h3>\n<p>\ud83d\udccd Lieu-dit Le Cortibot (Route des Confins, \u00e0 1 km du centre).<br \/>\nTrois terrains en acc\u00e8s libre. Location de raquettes et de balles possible aupr\u00e8s du Club des Sports pendant leurs horaires d\u2019ouverture.<br \/>\n\ud83d\udcde 04 50 32 69 50<\/p>\n<h3><strong>PECHE EN TORRENT ET RIVIERE<\/strong><\/h3>\n<p>Renseignements et vente de cartes de p\u00eache \u00e0 l\u2019Office de Tourisme.<br \/>\n\ud83d\udcde 04 50 32 65 00<\/p>\n<h3>ALPINISME &amp; RANDONN\u00c9E GLACIAIRE<\/h3>\n<p>Sur demande, avec le Bureau des Guides.<br \/>\n\ud83d\udcde 06 14 11 58 68<\/p>\n<h3>canyoning<\/h3>\n<p>Sur r\u00e9servation, avec Evolution 2.<br \/>\n\ud83d\udcde 04 50 02 81 29<\/p>\n"},{"acf_fc_layout":"two-col-content","contenu_gauche":{"type_de_contenu_gauche":"texte","contenu_texte_gauche":"<p><img loading=\"lazy\" decoding=\"async\" class=\"alignnone wp-image-201701 size-large\" src=\"https:\/\/www.laclusaz.com\/app\/uploads\/2023\/04\/La-Clusaz-2022-Pierrick-Aubert-23-768x1024.jpg\" alt=\"\" width=\"640\" height=\"853\" srcset=\"https:\/\/www.laclusaz.com\/app\/uploads\/2023\/04\/La-Clusaz-2022-Pierrick-Aubert-23-768x1024.jpg 768w, https:\/\/www.laclusaz.com\/app\/uploads\/2023\/04\/La-Clusaz-2022-Pierrick-Aubert-23-225x300.jpg 225w, https:\/\/www.laclusaz.com\/app\/uploads\/2023\/04\/La-Clusaz-2022-Pierrick-Aubert-23-1152x1536.jpg 1152w, https:\/\/www.laclusaz.com\/app\/uploads\/2023\/04\/La-Clusaz-2022-Pierrick-Aubert-23-1536x2048.jpg 1536w, https:\/\/www.laclusaz.com\/app\/uploads\/2023\/04\/La-Clusaz-2022-Pierrick-Aubert-23-98x130.jpg 98w, https:\/\/www.laclusaz.com\/app\/uploads\/2023\/04\/La-Clusaz-2022-Pierrick-Aubert-23-scaled.jpg 1440w\" sizes=\"auto, (max-width: 640px) 100vw, 640px\" \/><\/p>\n","contenu_image_gauche":false,"caption":""},"contenu_droite":{"type_de_contenu_droite":"texte","contenu_image_droite":false,"caption":"","contenu_texte_droite":"<p><img loading=\"lazy\" decoding=\"async\" class=\"alignleft wp-image-202679 size-large\" src=\"https:\/\/www.laclusaz.com\/app\/uploads\/2023\/05\/LC2020-lac-balme-Pierrick-Aubert-768x1024.jpg\" alt=\"\" width=\"640\" height=\"853\" srcset=\"https:\/\/www.laclusaz.com\/app\/uploads\/2023\/05\/LC2020-lac-balme-Pierrick-Aubert-768x1024.jpg 768w, https:\/\/www.laclusaz.com\/app\/uploads\/2023\/05\/LC2020-lac-balme-Pierrick-Aubert-225x300.jpg 225w, https:\/\/www.laclusaz.com\/app\/uploads\/2023\/05\/LC2020-lac-balme-Pierrick-Aubert-1152x1536.jpg 1152w, https:\/\/www.laclusaz.com\/app\/uploads\/2023\/05\/LC2020-lac-balme-Pierrick-Aubert-1536x2048.jpg 1536w, https:\/\/www.laclusaz.com\/app\/uploads\/2023\/05\/LC2020-lac-balme-Pierrick-Aubert-98x130.jpg 98w, https:\/\/www.laclusaz.com\/app\/uploads\/2023\/05\/LC2020-lac-balme-Pierrick-Aubert-scaled.jpg 1440w\" sizes=\"auto, (max-width: 640px) 100vw, 640px\" \/><\/p>\n"}},{"acf_fc_layout":"one-col-content","contenu_1_colonne":"<h2><strong>SITES NATURELS \u00c0 VISITER<\/strong><\/h2>\n<ul>\n<li><strong>Hameau des Confins<\/strong> (5 km au-dessus de La Clusaz) : Lac, vieux chalets, balades, ch\u00e8vrerie.<\/li>\n<li><strong>Col des Aravis<\/strong> (7 km au-dessus de La Clusaz) : Panorama sur le Mont Blanc par beau temps, boutiques souvenirs, restaurants, balades.<\/li>\n<li><strong>Plateau de Beauregard<\/strong> : Plateau \u00e0 1600 m d&#8217;altitude avec randonn\u00e9es et vue sur la Cha\u00eene des Aravis. Acc\u00e8s depuis La Croix Fry \u00e0 7 km de La Clusaz, puis rejoindre le plateau \u00e0 pied (environ 1h de marche aller, soit 2h aller-retour). Acc\u00e8s \u00e9galement possible en remont\u00e9e m\u00e9canique via la t\u00e9l\u00e9cabine de Beauregard, le week-end uniquement, \u00e0 partir du 13 juin.<\/li>\n<\/ul>\n<p>&nbsp;<\/p>\n<h2>SPAS,\u00a0MASSAGES &amp; BIEN-\u00caTRE<\/h2>\n"},{"acf_fc_layout":"one-col-content","contenu_1_colonne":"<h3>NUXE SPA &#8211; H\u00d4TEL ST ALBAN<\/h3>\n<p>Soins, massages bien-\u00eatre et spa avec bassin de nage, sauna, parcours Kneipp, etc. Accueil de la client\u00e8le non r\u00e9sidente de l\u2019h\u00f4tel sur r\u00e9servation d\u2019un soin de 45 min minimum.<br \/>\n\ud83d\udcc5 Ouvert tous les jours de 10h \u00e0 20h.<br \/>\n\ud83d\udcde\u00a004 58 10 51 70<\/p>\n<p><a class=\"button-arrow\" href=\"https:\/\/www.hotel-st-alban.com\/spa\/\">Plus d\u2019infos<\/a><\/p>\n<h3>CABINET DE KIN\u00c9 \/ OST\u00c9OPATHIE<\/h3>\n<p>Massages bien-\u00eatre.<br \/>\n\ud83d\udcc5 Toute l\u2019ann\u00e9e, sur r\u00e9servation.<br \/>\n\ud83d\udcde\u00a004 50 02 51 78<\/p>\n<p><a class=\"button-arrow\" href=\"https:\/\/www.osteoaravis.com\/\">Plus d\u2019infos<\/a><\/p>\n<h3><strong>Institut by Lucie<\/strong><strong>\u00a0<\/strong><\/h3>\n<p>Soins de beaut\u00e9, pour femmes et hommes : visage, corps, \u00e9pilation, mise en beaut\u00e9, modelage, beaut\u00e9 des mains et des pieds.<br \/>\n\ud83d\udcc5 Toute l&#8217;ann\u00e9e, sur r\u00e9servation. Du lundi au samedi, de 9h \u00e0 12h et de 14h \u00e0 18h.<br \/>\n\ud83d\udcde 06 95 13 11 89<\/p>\n<p><a class=\"button-arrow\" href=\"https:\/\/linstitutbylucie.wixsite.com\/laclusaz\">Plus d\u2019infos<\/a><\/p>\n<h3><strong>Alpine Institut<\/strong><\/h3>\n<p>Soins du visage, soins du corps, \u00e9pilation et mise en beaut\u00e9.<br \/>\n\ud83d\udcc5 Toute l\u2019ann\u00e9e, sur r\u00e9servation. Du lundi au vendredi de 9h \u00e0 12h et de 14h \u00e0 19h. Le samedi de 9h \u00e0 12h et de 14h \u00e0 18h.<br \/>\n\ud83d\udcde 04 50 02 57 10<\/p>\n<p><a class=\"button-arrow\" href=\"https:\/\/www.alpineinstitut.com\/home\">Plus d\u2019infos<\/a><\/p>\n<h3>Magalie Bilhou, r\u00e9flexologies &amp; Chi Nei Tsang<\/h3>\n<p>R\u00e9flexologie plantaire, faciale et cr\u00e2nienne. Massage du ventre issu de la M\u00e9decine Traditionnelle Chinoise.<br \/>\n\ud83d\udcc5 S\u00e9ance sur rendez-vous, tous les jours au cabinet \u00e0 la Clusaz et \u00e0 domicile.<br \/>\n\ud83d\udcde\u00a006 75 38 87 82<\/p>\n<p><a class=\"button-arrow\" href=\"https:\/\/www.maisonhalsa.com\/\">Plus d\u2019infos<\/a><\/p>\n"},{"acf_fc_layout":"one-col-content","contenu_1_colonne":"<h3><img loading=\"lazy\" decoding=\"async\" class=\"wp-image-332629 aligncenter\" src=\"https:\/\/www.laclusaz.com\/app\/uploads\/2023\/04\/21919363-e1748249809884-300x145.jpg\" alt=\"\" width=\"1165\" height=\"563\" srcset=\"https:\/\/www.laclusaz.com\/app\/uploads\/2023\/04\/21919363-e1748249809884-300x145.jpg 300w, https:\/\/www.laclusaz.com\/app\/uploads\/2023\/04\/21919363-e1748249809884-1024x495.jpg 1024w, https:\/\/www.laclusaz.com\/app\/uploads\/2023\/04\/21919363-e1748249809884-768x371.jpg 768w, https:\/\/www.laclusaz.com\/app\/uploads\/2023\/04\/21919363-e1748249809884-1536x742.jpg 1536w, https:\/\/www.laclusaz.com\/app\/uploads\/2023\/04\/21919363-e1748249809884-130x63.jpg 130w, https:\/\/www.laclusaz.com\/app\/uploads\/2023\/04\/21919363-e1748249809884.jpg 2048w\" sizes=\"auto, (max-width: 1165px) 100vw, 1165px\" \/><\/h3>\n<h2><strong>ANIMATIONS\u00a0<\/strong><\/h2>\n"},{"acf_fc_layout":"one-col-content","contenu_1_colonne":"<h3><strong>March\u00e9 de La Clusaz\u00a0<\/strong><\/h3>\n<p>\ud83d\udcc5 Tous les lundis matin sur la Place de l\u2019Eglise.<\/p>\n<h3><strong>Maison des habitants<\/strong><\/h3>\n<p>Nombreuses animations et ateliers (danse, yoga, pilates, sophrologie, c\u00e9ramique, \u2026).<br \/>\n\ud83d\udcc5 Toute l&#8217;ann\u00e9e. Programme, informations d\u00e9taill\u00e9es et inscription sur la page Facebook.<\/p>\n<p><a class=\"button-arrow\" href=\"http:\/\/www.facebook.com\/MDHLaClusaz\">Plus d&#8217;infos<\/a><\/p>\n<h3>SORTIE NATURA 2000<\/h3>\n<p>Sortie guid\u00e9e dans le cadre enchanteur du Plateau des Confins.<br \/>\nR\u00e9servation aupr\u00e8s de l\u2019Office de Tourisme de Th\u00f4nes C\u0153ur des Vall\u00e9es.<br \/>\n\ud83d\udcc5 Mercredi 10 juin, de 14h \u00e0 17h<br \/>\n\ud83d\udcde 04 50 02 00 26<\/p>\n<h3><strong>LE B\u00e9LIER VTT<\/strong><\/h3>\n<p>Plusieurs \u00e9preuves de VTT (XC, enduro, e-bike, kids, mont\u00e9e impossible, \u2026).<br \/>\nInformations et inscription aupr\u00e8s du Club des Sports.<br \/>\n\ud83d\udcc5 Samedi 13 et dimanche 14 juin<br \/>\n\ud83d\udcde 04 50 32 69 50<\/p>\n<p><a class=\"button-arrow\" href=\"https:\/\/www.lebelier-laclusaz.fr\/\">Plus d&#8217;infos<\/a><\/p>\n<h3><span class=\"OYPEnA text-strikethrough-none text-decoration-none\"><strong>Balade au clair de lunE<\/strong><\/span><\/h3>\n<p>Cette ann\u00e9e encore, la Balade au Clair de Lune revient pour nous \u00e9merveiller. Sans lumi\u00e8res artificielles pour quelques heures, plongez dans un univers rempli de musique, de spectacles de rue, et un village enti\u00e8rement \u00e9clair\u00e9 \u00e0 la bougie.<br \/>\n\ud83d\udcc5 Samedi 27 juin, de 19h \u00e0 1h<\/p>\n<p><a class=\"button-arrow\" href=\"https:\/\/www.laclusaz.com\/agenda\/balade-au-clair-de-lune\/\">Plus d&#8217;infos<\/a><\/p>\n<p>&nbsp;<\/p>\n"},{"acf_fc_layout":"one-col-content","contenu_1_colonne":"<p><img loading=\"lazy\" decoding=\"async\" class=\"aligncenter wp-image-329394\" src=\"https:\/\/www.laclusaz.com\/app\/uploads\/2025\/05\/1270798-e1746607324294.jpg\" alt=\"\" width=\"600\" height=\"674\" srcset=\"https:\/\/www.laclusaz.com\/app\/uploads\/2025\/05\/1270798-e1746607324294.jpg 1538w, https:\/\/www.laclusaz.com\/app\/uploads\/2025\/05\/1270798-e1746607324294-267x300.jpg 267w, https:\/\/www.laclusaz.com\/app\/uploads\/2025\/05\/1270798-e1746607324294-912x1024.jpg 912w, https:\/\/www.laclusaz.com\/app\/uploads\/2025\/05\/1270798-e1746607324294-768x862.jpg 768w, https:\/\/www.laclusaz.com\/app\/uploads\/2025\/05\/1270798-e1746607324294-1368x1536.jpg 1368w, https:\/\/www.laclusaz.com\/app\/uploads\/2025\/05\/1270798-e1746607324294-116x130.jpg 116w\" sizes=\"auto, (max-width: 600px) 100vw, 600px\" \/><\/p>\n"},{"acf_fc_layout":"one-col-content","contenu_1_colonne":"<h2><strong>RESTAURANTS<\/strong><\/h2>\n"},{"acf_fc_layout":"two-col-content","contenu_gauche":{"type_de_contenu_gauche":"texte","contenu_texte_gauche":"<p><strong><span class=\"green-under\">Dans le village<\/span><br \/>\n<\/strong><\/p>\n<p><strong>Alpes Aventures : Bistro V\u00e9lo &amp; co<\/strong><br \/>\n\ud83d\udcde 04 58 23 10 00<br \/>\n\ud83d\udcc5 A partir du 10 juin, ouvert du mercredi au dimanche, de 9h \u00e0 17h30.<\/p>\n<p><strong>Le Bistro<\/strong><br \/>\n\ud83d\udcde\u00a004 50 02 64 37<br \/>\n\ud83d\udcc5 Ouvert tous les jours de 7h \u00e0 23h : petit-d\u00e9jeuner (7h-10h), d\u00e9jeuner (12h-14h), d\u00eener (19h-21h).<\/p>\n<p><strong>Bistrot Les 2 Mules<\/strong><br \/>\n\ud83d\udcde04 50 10 47 81<br \/>\n\ud83d\udcc5 Ouvert du mercredi au samedi, uniquement le soir, et le dimanche, midi et soir.<\/p>\n<p><strong>La Cal\u00e8che<\/strong><br \/>\n\ud83d\udcde 04 50 02 42 60<br \/>\n\ud83d\udcc5 A partir du 21 juin, ouvert du mardi au dimanche, service continu de 12h \u00e0 21h30, \u00e0 l&#8217;exception du dimanche (ferm\u00e9 le soir).<\/p>\n<p><strong>D\u00e9li Schuss<\/strong><br \/>\n\ud83d\udcde 04 50 23 19 94<br \/>\n\ud83d\udcc5 A partir du 11 juin, ouvert tous les jours sauf le mardi, de 8h30 \u00e0 19h30.<\/p>\n<p><strong>La Ferme<\/strong><br \/>\n\ud83d\udcde 04 50 02 50 50<br \/>\n\ud83d\udcc5 Ouvert tous les jours, midi et soir.<\/p>\n<p><strong>La Fruiti\u00e8re<\/strong><br \/>\n\ud83d\udcde 04 50 63 13 66<br \/>\n\ud83d\udcc5 Ouvert lundi, mardi, jeudi, vendredi et samedi, midi et soir, ainsi que dimanche midi. Ferm\u00e9 mercredi et jeudi.<\/p>\n<p><strong>L&#8217;Outa<\/strong><br \/>\n\ud83d\udcde 04 50 02 45 35<br \/>\n\ud83d\udcc5 A partir du 12 juin, ouvert du mercredi au dimanche, midi et soir (service continu vendredi, samedi et dimanche).<\/p>\n<p><strong>Chez Papaz<\/strong><br \/>\n\ud83d\udcde 04 50 02 40 14<br \/>\n\ud83d\udcc5 A partir du 14 juin, ouvert les week-ends, le samedi midi et soir et le dimanche uniquement le midi.<\/p>\n<p><strong>Le Petit Montagnard<\/strong><br \/>\n\ud83d\udcde 04 50 63 38 38<br \/>\n\ud83d\udcc5 Ouvert lundi et mardi midi, et du mercredi au samedi, midi et soir.<\/p>\n<p><strong>Ready Boots<\/strong><br \/>\n\ud83d\udcde 04 50 52 93 85<br \/>\n\ud83d\udcc5 Ouvert de 9h \u00e0 22h pour le brunch, le d\u00e9jeuner, le go\u00fbter et les tapas.<\/p>\n<p><strong>La Scierie<\/strong><br \/>\n\ud83d\udcde 04 50 63 34 68<br \/>\n\ud83d\udcc5A\u00a0partir du 20 juin, ouvert tous les jours.<\/p>\n<p><strong>La Terrasse Gourmande<\/strong><br \/>\n\ud83d\udcde 04 50 44 29 96<br \/>\n\ud83d\udcc5Ouvert tous les jours, du petit-d\u00e9jeuner au go\u00fbter.<\/p>\n<p><strong>Titina<\/strong><br \/>\n\ud83d\udcde 04 50 23 97 47<br \/>\n\ud83d\udcc5 Ouvert du mercredi au dimanche, midi et soir.<\/p>\n","contenu_image_gauche":false,"caption":""},"contenu_droite":{"type_de_contenu_droite":"texte","contenu_image_droite":false,"caption":"","contenu_texte_droite":"<p><span class=\"green-under\"><strong>Aux Confins<\/strong><\/span><\/p>\n<p><strong>Le Chalet du Lac<\/strong><br \/>\n\ud83d\udcde\u00a004 50 02 53 26<br \/>\n\ud83d\udcc5 Ouvert du jeudi au dimanche, midi et soir. Fermeture exceptionnelle du dimanche 22 juin apr\u00e8s le service du midi jusqu&#8217;au jeudi 3 juillet.<\/p>\n<p><strong>La Chenillette<\/strong><br \/>\n\ud83d\udcde \u00a004 50 02 51 88<br \/>\n\ud83d\udcc5 A partir du 5 juin, ouvert du jeudi au dimanche, midi et soir.<\/p>\n<p><strong>L&#8217;Endryre<\/strong><br \/>\n\ud83d\udcde 04 50 02 48 92<br \/>\n\ud83d\udcc5 Du mercredi au dimanche de 9h \u00e0 18h. Cuisine en continu de 11h45 \u00e0 17h.<br \/>\n<span class=\"green-under\"><strong>Au Col des Aravis<\/strong><\/span><\/p>\n<p><strong>La Porte des Aravis<\/strong><br \/>\n\ud83d\udcde\u00a004 50 02 47 15<br \/>\n\ud83d\udcc5 Ouvert tous les jours, le midi.<\/p>\n<p><strong>Les Rhodos<\/strong><br \/>\n\ud83d\udcde\u00a004 50 64 53 56<br \/>\n\ud83d\udcc5 Ouvert tous les jours, midi et soir.<\/p>\n<p>&nbsp;<\/p>\n<p><span class=\"green-under\"><strong>Sur le Plateau de Beauregard<\/strong><\/span><\/p>\n<p><strong>Le 1647<\/strong><br \/>\n\ud83d\udcde 04 56 19 03 65<br \/>\n\ud83d\udcc5 A partir du 13 juin, ouvert uniquement les week-ends.<\/p>\n<p><strong>Ferme Auberge des Corbassi\u00e8res<\/strong><br \/>\n\ud83d\udcde 04 50 32 63 81 ou 06 71 11 34 90<br \/>\n\ud83d\udcc5 Sur r\u00e9servation.<\/p>\n<p><strong>Le Grizzly<\/strong><br \/>\n\ud83d\udcde 04 50 23 79 44<br \/>\n\ud83d\udcc5 A partir du 13 juin, ouvert de 09h \u00e0 17h du dimanche au mercredi. Ouvert de 09h \u00e0 22h du jeudi au samedi.<\/p>\n<p><strong>Auberge Les Matins Clairs<\/strong><br \/>\n\ud83d\udcde 04 50 02 66 60<br \/>\n\ud83d\udcc5 A partir du 12 juin, les week-end sous r\u00e9serve de condition m\u00e9t\u00e9o favorable.<\/p>\n<p><span class=\"green-under\"><strong>Cr\u00eat du Loup<\/strong><\/span><\/p>\n<p><strong>Relais de l&#8217;Aiguille<\/strong><br \/>\n\ud83d\udcde04 50 02 41 84<br \/>\n\ud83d\udcc5 A partir du 13 juin, ouvert uniquement les week-ends, de 10h \u00e0 17h<\/p>\n<p><img loading=\"lazy\" decoding=\"async\" class=\"alignnone size-full wp-image-294237\" src=\"https:\/\/www.laclusaz.com\/app\/uploads\/2024\/12\/01Aravis-TilbyVattard-LaClusaz-Gastronomie-H24-scaled-e1734625635842.jpg\" alt=\"\" width=\"800\" height=\"800\" \/><\/p>\n"}}]},"yoast_head":"<!-- This site is optimized with the Yoast SEO plugin v26.5 - https:\/\/yoast.com\/wordpress\/plugins\/seo\/ -->\n<title>Que faire en Juin \u00e0 La Clusaz ? | La Clusaz<\/title>\n<meta name=\"robots\" content=\"index, follow, max-snippet:-1, max-image-preview:large, max-video-preview:-1\" \/>\n<link rel=\"canonical\" href=\"https:\/\/www.laclusaz.com\/nl\/le-mag\/inspirations-nl\/que-faire-en-juin-a-la-clusaz\/\" \/>\n<meta property=\"og:locale\" content=\"nl_NL\" \/>\n<meta property=\"og:type\" content=\"article\" \/>\n<meta property=\"og:title\" content=\"Que faire en Juin \u00e0 La Clusaz ? | La Clusaz\" \/>\n<meta property=\"og:description\" content=\"Mois de juin&#8230; retour des copains ! Marmottes, chamois, bouquetins&#8230; Lequel d&#8217;entre eux aurez-vous la chance de croiser ? P\u00e9riode parfaite pour sortir les jumelles. N&#8217;oubliez pas que la neige est [&hellip;]\" \/>\n<meta property=\"og:url\" content=\"https:\/\/www.laclusaz.com\/nl\/le-mag\/inspirations-nl\/que-faire-en-juin-a-la-clusaz\/\" \/>\n<meta property=\"og:site_name\" content=\"La Clusaz\" \/>\n<meta property=\"article:publisher\" content=\"https:\/\/www.facebook.com\/LaClusaz\" \/>\n<meta property=\"article:published_time\" content=\"2025-06-01T07:51:42+00:00\" \/>\n<meta property=\"og:image\" content=\"https:\/\/www.laclusaz.com\/app\/uploads\/2023\/03\/La_Clusaz-Share.jpg\" \/>\n\t<meta property=\"og:image:width\" content=\"1200\" \/>\n\t<meta property=\"og:image:height\" content=\"630\" \/>\n\t<meta property=\"og:image:type\" content=\"image\/jpeg\" \/>\n<meta name=\"author\" content=\"Lucie Saint Martin\" \/>\n<meta name=\"twitter:card\" content=\"summary_large_image\" \/>\n<meta name=\"twitter:creator\" content=\"@LaClusaz\" \/>\n<meta name=\"twitter:site\" content=\"@LaClusaz\" \/>\n<meta name=\"twitter:label1\" content=\"Written by\" \/>\n\t<meta name=\"twitter:data1\" content=\"Lucie Saint Martin\" \/>\n\t<meta name=\"twitter:label2\" content=\"Est. reading time\" \/>\n\t<meta name=\"twitter:data2\" content=\"1 minute\" \/>\n<script type=\"application\/ld+json\" class=\"yoast-schema-graph\">{\"@context\":\"https:\/\/schema.org\",\"@graph\":[{\"@type\":\"Article\",\"@id\":\"https:\/\/www.laclusaz.com\/nl\/le-mag\/inspirations-nl\/que-faire-en-juin-a-la-clusaz\/#article\",\"isPartOf\":{\"@id\":\"https:\/\/www.laclusaz.com\/nl\/le-mag\/inspirations-nl\/que-faire-en-juin-a-la-clusaz\/\"},\"author\":{\"name\":\"Lucie Saint Martin\",\"@id\":\"https:\/\/www.laclusaz.com\/nl\/#\/schema\/person\/ba40fc89353243da43623e6dacc4129a\"},\"headline\":\"Que faire en Juin \u00e0 La Clusaz ?\",\"datePublished\":\"2025-06-01T07:51:42+00:00\",\"mainEntityOfPage\":{\"@id\":\"https:\/\/www.laclusaz.com\/nl\/le-mag\/inspirations-nl\/que-faire-en-juin-a-la-clusaz\/\"},\"wordCount\":118,\"publisher\":{\"@id\":\"https:\/\/www.laclusaz.com\/nl\/#organization\"},\"articleSection\":[\"Inspirations\"],\"inLanguage\":\"nl-NL\"},{\"@type\":\"WebPage\",\"@id\":\"https:\/\/www.laclusaz.com\/nl\/le-mag\/inspirations-nl\/que-faire-en-juin-a-la-clusaz\/\",\"url\":\"https:\/\/www.laclusaz.com\/nl\/le-mag\/inspirations-nl\/que-faire-en-juin-a-la-clusaz\/\",\"name\":\"Que faire en Juin \u00e0 La Clusaz ? | La Clusaz\",\"isPartOf\":{\"@id\":\"https:\/\/www.laclusaz.com\/nl\/#website\"},\"datePublished\":\"2025-06-01T07:51:42+00:00\",\"breadcrumb\":{\"@id\":\"https:\/\/www.laclusaz.com\/nl\/le-mag\/inspirations-nl\/que-faire-en-juin-a-la-clusaz\/#breadcrumb\"},\"inLanguage\":\"nl-NL\",\"potentialAction\":[{\"@type\":\"ReadAction\",\"target\":[\"https:\/\/www.laclusaz.com\/nl\/le-mag\/inspirations-nl\/que-faire-en-juin-a-la-clusaz\/\"]}]},{\"@type\":\"BreadcrumbList\",\"@id\":\"https:\/\/www.laclusaz.com\/nl\/le-mag\/inspirations-nl\/que-faire-en-juin-a-la-clusaz\/#breadcrumb\",\"itemListElement\":[{\"@type\":\"ListItem\",\"position\":1,\"name\":\"Startpagina\",\"item\":\"https:\/\/www.laclusaz.com\/nl\/\"},{\"@type\":\"ListItem\",\"position\":2,\"name\":\"Geen onderdeel van een categorie\",\"item\":\"https:\/\/www.laclusaz.com\/nl\/le-mag\/categorie\/geen-onderdeel-van-een-categorie\/\"},{\"@type\":\"ListItem\",\"position\":3,\"name\":\"Que faire en Juin \u00e0 La Clusaz ?\"}]},{\"@type\":\"WebSite\",\"@id\":\"https:\/\/www.laclusaz.com\/nl\/#website\",\"url\":\"https:\/\/www.laclusaz.com\/nl\/\",\"name\":\"La Clusaz\",\"description\":\"\",\"publisher\":{\"@id\":\"https:\/\/www.laclusaz.com\/nl\/#organization\"},\"potentialAction\":[{\"@type\":\"SearchAction\",\"target\":{\"@type\":\"EntryPoint\",\"urlTemplate\":\"https:\/\/www.laclusaz.com\/nl\/?s={search_term_string}\"},\"query-input\":{\"@type\":\"PropertyValueSpecification\",\"valueRequired\":true,\"valueName\":\"search_term_string\"}}],\"inLanguage\":\"nl-NL\"},{\"@type\":\"Organization\",\"@id\":\"https:\/\/www.laclusaz.com\/nl\/#organization\",\"name\":\"La Clusaz\",\"url\":\"https:\/\/www.laclusaz.com\/nl\/\",\"logo\":{\"@type\":\"ImageObject\",\"inLanguage\":\"nl-NL\",\"@id\":\"https:\/\/www.laclusaz.com\/nl\/#\/schema\/logo\/image\/\",\"url\":\"https:\/\/www.laclusaz.com\/app\/uploads\/2023\/03\/Logo-La-Clusaz-French-Alps-paysage.png\",\"contentUrl\":\"https:\/\/www.laclusaz.com\/app\/uploads\/2023\/03\/Logo-La-Clusaz-French-Alps-paysage.png\",\"width\":1920,\"height\":1018,\"caption\":\"La Clusaz\"},\"image\":{\"@id\":\"https:\/\/www.laclusaz.com\/nl\/#\/schema\/logo\/image\/\"},\"sameAs\":[\"https:\/\/www.facebook.com\/LaClusaz\",\"https:\/\/x.com\/LaClusaz\",\"https:\/\/www.instagram.com\/laclusazskiresort\/\",\"https:\/\/www.youtube.com\/channel\/UC0nXO2GDOebkqOvTCx8gtGA\",\"https:\/\/www.tiktok.com\/@la_clusaz\"]},{\"@type\":\"Person\",\"@id\":\"https:\/\/www.laclusaz.com\/nl\/#\/schema\/person\/ba40fc89353243da43623e6dacc4129a\",\"name\":\"Lucie Saint Martin\",\"image\":{\"@type\":\"ImageObject\",\"inLanguage\":\"nl-NL\",\"@id\":\"https:\/\/www.laclusaz.com\/nl\/#\/schema\/person\/image\/\",\"url\":\"https:\/\/secure.gravatar.com\/avatar\/48dc866697db9bcca0b922cc5407b5bd268e48c04cfaa20ca0444a44d5827f5d?s=96&d=mm&r=g\",\"contentUrl\":\"https:\/\/secure.gravatar.com\/avatar\/48dc866697db9bcca0b922cc5407b5bd268e48c04cfaa20ca0444a44d5827f5d?s=96&d=mm&r=g\",\"caption\":\"Lucie Saint Martin\"}}]}<\/script>\n<!-- \/ Yoast SEO plugin. -->","yoast_head_json":{"title":"Que faire en Juin \u00e0 La Clusaz ? | La Clusaz","robots":{"index":"index","follow":"follow","max-snippet":"max-snippet:-1","max-image-preview":"max-image-preview:large","max-video-preview":"max-video-preview:-1"},"canonical":"https:\/\/www.laclusaz.com\/nl\/le-mag\/inspirations-nl\/que-faire-en-juin-a-la-clusaz\/","og_locale":"nl_NL","og_type":"article","og_title":"Que faire en Juin \u00e0 La Clusaz ? | La Clusaz","og_description":"Mois de juin&#8230; retour des copains ! Marmottes, chamois, bouquetins&#8230; Lequel d&#8217;entre eux aurez-vous la chance de croiser ? P\u00e9riode parfaite pour sortir les jumelles. N&#8217;oubliez pas que la neige est [&hellip;]","og_url":"https:\/\/www.laclusaz.com\/nl\/le-mag\/inspirations-nl\/que-faire-en-juin-a-la-clusaz\/","og_site_name":"La Clusaz","article_publisher":"https:\/\/www.facebook.com\/LaClusaz","article_published_time":"2025-06-01T07:51:42+00:00","og_image":[{"width":1200,"height":630,"url":"https:\/\/www.laclusaz.com\/app\/uploads\/2023\/03\/La_Clusaz-Share.jpg","type":"image\/jpeg"}],"author":"Lucie Saint Martin","twitter_card":"summary_large_image","twitter_creator":"@LaClusaz","twitter_site":"@LaClusaz","twitter_misc":{"Written by":"Lucie Saint Martin","Est. reading time":"1 minute"},"schema":{"@context":"https:\/\/schema.org","@graph":[{"@type":"Article","@id":"https:\/\/www.laclusaz.com\/nl\/le-mag\/inspirations-nl\/que-faire-en-juin-a-la-clusaz\/#article","isPartOf":{"@id":"https:\/\/www.laclusaz.com\/nl\/le-mag\/inspirations-nl\/que-faire-en-juin-a-la-clusaz\/"},"author":{"name":"Lucie Saint Martin","@id":"https:\/\/www.laclusaz.com\/nl\/#\/schema\/person\/ba40fc89353243da43623e6dacc4129a"},"headline":"Que faire en Juin \u00e0 La Clusaz ?","datePublished":"2025-06-01T07:51:42+00:00","mainEntityOfPage":{"@id":"https:\/\/www.laclusaz.com\/nl\/le-mag\/inspirations-nl\/que-faire-en-juin-a-la-clusaz\/"},"wordCount":118,"publisher":{"@id":"https:\/\/www.laclusaz.com\/nl\/#organization"},"articleSection":["Inspirations"],"inLanguage":"nl-NL"},{"@type":"WebPage","@id":"https:\/\/www.laclusaz.com\/nl\/le-mag\/inspirations-nl\/que-faire-en-juin-a-la-clusaz\/","url":"https:\/\/www.laclusaz.com\/nl\/le-mag\/inspirations-nl\/que-faire-en-juin-a-la-clusaz\/","name":"Que faire en Juin \u00e0 La Clusaz ? | La Clusaz","isPartOf":{"@id":"https:\/\/www.laclusaz.com\/nl\/#website"},"datePublished":"2025-06-01T07:51:42+00:00","breadcrumb":{"@id":"https:\/\/www.laclusaz.com\/nl\/le-mag\/inspirations-nl\/que-faire-en-juin-a-la-clusaz\/#breadcrumb"},"inLanguage":"nl-NL","potentialAction":[{"@type":"ReadAction","target":["https:\/\/www.laclusaz.com\/nl\/le-mag\/inspirations-nl\/que-faire-en-juin-a-la-clusaz\/"]}]},{"@type":"BreadcrumbList","@id":"https:\/\/www.laclusaz.com\/nl\/le-mag\/inspirations-nl\/que-faire-en-juin-a-la-clusaz\/#breadcrumb","itemListElement":[{"@type":"ListItem","position":1,"name":"Startpagina","item":"https:\/\/www.laclusaz.com\/nl\/"},{"@type":"ListItem","position":2,"name":"Geen onderdeel van een categorie","item":"https:\/\/www.laclusaz.com\/nl\/le-mag\/categorie\/geen-onderdeel-van-een-categorie\/"},{"@type":"ListItem","position":3,"name":"Que faire en Juin \u00e0 La Clusaz ?"}]},{"@type":"WebSite","@id":"https:\/\/www.laclusaz.com\/nl\/#website","url":"https:\/\/www.laclusaz.com\/nl\/","name":"La Clusaz","description":"","publisher":{"@id":"https:\/\/www.laclusaz.com\/nl\/#organization"},"potentialAction":[{"@type":"SearchAction","target":{"@type":"EntryPoint","urlTemplate":"https:\/\/www.laclusaz.com\/nl\/?s={search_term_string}"},"query-input":{"@type":"PropertyValueSpecification","valueRequired":true,"valueName":"search_term_string"}}],"inLanguage":"nl-NL"},{"@type":"Organization","@id":"https:\/\/www.laclusaz.com\/nl\/#organization","name":"La Clusaz","url":"https:\/\/www.laclusaz.com\/nl\/","logo":{"@type":"ImageObject","inLanguage":"nl-NL","@id":"https:\/\/www.laclusaz.com\/nl\/#\/schema\/logo\/image\/","url":"https:\/\/www.laclusaz.com\/app\/uploads\/2023\/03\/Logo-La-Clusaz-French-Alps-paysage.png","contentUrl":"https:\/\/www.laclusaz.com\/app\/uploads\/2023\/03\/Logo-La-Clusaz-French-Alps-paysage.png","width":1920,"height":1018,"caption":"La Clusaz"},"image":{"@id":"https:\/\/www.laclusaz.com\/nl\/#\/schema\/logo\/image\/"},"sameAs":["https:\/\/www.facebook.com\/LaClusaz","https:\/\/x.com\/LaClusaz","https:\/\/www.instagram.com\/laclusazskiresort\/","https:\/\/www.youtube.com\/channel\/UC0nXO2GDOebkqOvTCx8gtGA","https:\/\/www.tiktok.com\/@la_clusaz"]},{"@type":"Person","@id":"https:\/\/www.laclusaz.com\/nl\/#\/schema\/person\/ba40fc89353243da43623e6dacc4129a","name":"Lucie Saint Martin","image":{"@type":"ImageObject","inLanguage":"nl-NL","@id":"https:\/\/www.laclusaz.com\/nl\/#\/schema\/person\/image\/","url":"https:\/\/secure.gravatar.com\/avatar\/48dc866697db9bcca0b922cc5407b5bd268e48c04cfaa20ca0444a44d5827f5d?s=96&d=mm&r=g","contentUrl":"https:\/\/secure.gravatar.com\/avatar\/48dc866697db9bcca0b922cc5407b5bd268e48c04cfaa20ca0444a44d5827f5d?s=96&d=mm&r=g","caption":"Lucie Saint Martin"}}]}},"_links":{"self":[{"href":"https:\/\/www.laclusaz.com\/nl\/wp-json\/wp\/v2\/posts\/430117","targetHints":{"allow":["GET"]}}],"collection":[{"href":"https:\/\/www.laclusaz.com\/nl\/wp-json\/wp\/v2\/posts"}],"about":[{"href":"https:\/\/www.laclusaz.com\/nl\/wp-json\/wp\/v2\/types\/post"}],"author":[{"embeddable":true,"href":"https:\/\/www.laclusaz.com\/nl\/wp-json\/wp\/v2\/users\/2"}],"replies":[{"embeddable":true,"href":"https:\/\/www.laclusaz.com\/nl\/wp-json\/wp\/v2\/comments?post=430117"}],"version-history":[{"count":0,"href":"https:\/\/www.laclusaz.com\/nl\/wp-json\/wp\/v2\/posts\/430117\/revisions"}],"wp:attachment":[{"href":"https:\/\/www.laclusaz.com\/nl\/wp-json\/wp\/v2\/media?parent=430117"}],"wp:term":[{"taxonomy":"category","embeddable":true,"href":"https:\/\/www.laclusaz.com\/nl\/wp-json\/wp\/v2\/categories?post=430117"},{"taxonomy":"post_tag","embeddable":true,"href":"https:\/\/www.laclusaz.com\/nl\/wp-json\/wp\/v2\/tags?post=430117"}],"curies":[{"name":"wp","href":"https:\/\/api.w.org\/{rel}","templated":true}]}}