{"id":430108,"date":"2026-04-15T09:51:42","date_gmt":"2026-04-15T07:51:42","guid":{"rendered":"https:\/\/www.laclusaz.com\/le-mag\/geen-onderdeel-van-een-categorie\/que-faire-en-mai-a-la-clusaz\/"},"modified":"2026-04-27T14:06:30","modified_gmt":"2026-04-27T12:06:30","slug":"que-faire-en-mai-a-la-clusaz","status":"publish","type":"post","link":"https:\/\/www.laclusaz.com\/nl\/le-mag\/inspirations-nl\/que-faire-en-mai-a-la-clusaz\/","title":{"rendered":"Que faire en Mai \u00e0 La Clusaz ?"},"content":{"rendered":"<h5><strong>P\u00e9riode du 27 avril au 31 mai 2026<\/strong><\/h5>\n<p>Le mois de mai est une p\u00e9riode plut\u00f4t calme chez nous \u00e0 la montagne, venez donc prendre un bol d\u2019air frais pour vous ressourcer ! Partez \u00e0 la d\u00e9couverte des p\u00e2turages, d\u00e9couvrez l\u2019histoire de notre station et d\u00e9gustez nos produits locaux. D\u00e9paysement garanti.<\/p>\n<p>Nous vous avons concoct\u00e9 ci-dessous une liste non exhaustive d\u2019activit\u00e9s \u00e0 faire \u00e0 La Clusaz. Il y en a pour tous les go\u00fbts et toutes les envies, pour les grands comme pour les petits !<\/p>\n","protected":false},"excerpt":{"rendered":"<span class=\"excerpt-link\">Lire plus<\/span>","protected":false},"author":2,"featured_media":0,"comment_status":"closed","ping_status":"closed","sticky":false,"template":"","format":"standard","meta":{"_acf_changed":false,"inline_featured_image":false,"footnotes":""},"categories":[1654],"tags":[],"class_list":["post-430108","post","type-post","status-publish","format-standard","hentry","category-inspirations-nl"],"acf":{"page_blocks":[{"acf_fc_layout":"one-col-content","contenu_1_colonne":"<p>Les informations ci-dessous ont \u00e9t\u00e9 collect\u00e9es aupr\u00e8s des partenaires et sites touristiques \u00e0 une date donn\u00e9e.<br \/>\nL&#8217;Office de Tourisme ne peut \u00eatre tenu responsable des \u00e9ventuels changements et vous invite \u00e0 contacter directement les prestataires ou sites pour confirmation d\u00e9finitive.<\/p>\n<p><em>Actualis\u00e9 le 27\/04\/2026<\/em><\/p>\n<p><img loading=\"lazy\" decoding=\"async\" class=\"aligncenter size-full wp-image-325094\" src=\"https:\/\/www.laclusaz.com\/app\/uploads\/2023\/04\/Hameau-des-Alpes-scaled.jpg\" alt=\"\" width=\"2560\" height=\"1073\" srcset=\"https:\/\/www.laclusaz.com\/app\/uploads\/2023\/04\/Hameau-des-Alpes-scaled.jpg 2560w, https:\/\/www.laclusaz.com\/app\/uploads\/2023\/04\/Hameau-des-Alpes-300x126.jpg 300w, https:\/\/www.laclusaz.com\/app\/uploads\/2023\/04\/Hameau-des-Alpes-1024x429.jpg 1024w, https:\/\/www.laclusaz.com\/app\/uploads\/2023\/04\/Hameau-des-Alpes-768x322.jpg 768w, https:\/\/www.laclusaz.com\/app\/uploads\/2023\/04\/Hameau-des-Alpes-1536x644.jpg 1536w, https:\/\/www.laclusaz.com\/app\/uploads\/2023\/04\/Hameau-des-Alpes-2048x858.jpg 2048w, https:\/\/www.laclusaz.com\/app\/uploads\/2023\/04\/Hameau-des-Alpes-130x54.jpg 130w\" sizes=\"auto, (max-width: 2560px) 100vw, 2560px\" \/><\/p>\n<h2 style=\"text-align: center;\">les activit\u00e9s culturelles &amp; divertissements<\/h2>\n"},{"acf_fc_layout":"one-col-content","contenu_1_colonne":"<h3>Informations pratiques :<\/h3>\n<h4><span class=\"green-under\">Horaires Office de Tourisme<\/span><\/h4>\n<p>Du 27 avril au 30 avril : ouvert le lundi et le jeudi de 9h \u00e0 12h et de 14h \u00e0 18h, ouvert le mardi de 9h \u00e0 10h et de 14h \u00e0 18h et ouvert le mercredi de 14h \u00e0 18h.<br \/>\nDu 1er au 10 mai 2026 : fermeture saisonni\u00e8re au public. Les e-mails sont n\u00e9anmoins trait\u00e9s du lundi au jeudi.<br \/>\nDu 11 mai au 23 mai 2026 : ouvert du lundi au samedi de 9h \u00e0 12h et de 14h \u00e0 17h. Ferm\u00e9 les dimanches et jours f\u00e9ri\u00e9s.<br \/>\nDu 24 au 31 mai 2026 : fermeture saisonni\u00e8re au public. Les e-mails sont n\u00e9anmoins trait\u00e9s du mardi au vendredi.<\/p>\n"},{"acf_fc_layout":"two-col-content","contenu_gauche":{"type_de_contenu_gauche":"texte","contenu_texte_gauche":"<h3><strong>Espace aquatique\u00a0<\/strong><\/h3>\n<p>\ud83d\udcc5Ouvert jusqu&#8217;au 3 mai : lundi, mardi, jeudi, vendredi et samedi de 12h \u00e0 19h, mercredi de 10h \u00e0 20h et dimanche de 10h \u00e0 19h.<br \/>\nDu 14\/05 au 31\/05 : weekends et ponts uniquement, de 10h \u00e0 19h.<br \/>\n\ud83d\udcde 04 50 02 43 01<\/p>\n<p><a class=\"button-arrow\" href=\"https:\/\/www.laclusaz.org\/contacts\/espace-aquatique-la-clusaz-aravis\/\" target=\"_blank\" rel=\"noopener\">PLUS D&#8217;INFOS<\/a><\/p>\n<h3><strong>Patinoire<\/strong><\/h3>\n<p>\ud83d\udcc5Ouverte jusqu&#8217;au 30 avril : mardi de 10h \u00e0 12h et de 14h \u00e0 18h, mercredi et jeudi de 14h \u00e0 18h.<br \/>\n\ud83d\udcde 04 50 02 48 45<\/p>\n<p><a class=\"button-arrow\" href=\"https:\/\/www.laclusaz.com\/details\/patinoire\/\" target=\"_blank\" rel=\"noopener\">PLUS D&#8217;INFOS<\/a><\/p>\n<h3><\/h3>\n<h3><strong>Le Hameau des Alpes\u00a0<\/strong><\/h3>\n<p>Un espace mus\u00e9ographique, ludique et moderne, sur les th\u00e9matiques du reblochon, de l&#8217;histoire de la station et de l&#8217;\u00e9volution du ski, au c\u0153ur d&#8217;un site patrimonial regroupant un chalet traditionnel, d&#8217;anciens greniers, un four banal et une ancienne scierie.<br \/>\nR\u00e9servation obligatoire.<br \/>\n\ud83d\udcc5Lundi 27 et mardi 28 avril : de 14h \u00e0 18h.<br \/>\nJeudi 30 avril : de 10h \u00e0 12h et de 14h \u00e0 18h.<br \/>\nFermeture du 1er au 14 mai.<br \/>\nDu vendredi 15 mai au dimanche 30 mai : mercredi, vendredi, samedi et dimanche de 14h \u00e0 18h30.<br \/>\n\ud83d\udcde 04 50 66 94 34<\/p>\n<p><a class=\"button-arrow\" href=\"https:\/\/www.laclusaz.com\/reservation\/experiences\/FRA\/306dd6e7-30ef-4be2-9405-8846e18cae20\/billet-d-entree---hameau-des-alpes\" target=\"_blank\" rel=\"noopener\">INFOS ET R\u00c9SERVATION<\/a><\/p>\n<h3><strong>Le Hameau DES PETITS<\/strong><\/h3>\n<p>Le Hameau des Alpes propose une activit\u00e9 d\u00e9di\u00e9e aux plus jeunes : Le Hameau des Petits !<br \/>\n2 fois par semaine, des cr\u00e9neaux sont sp\u00e9cialement pens\u00e9s pour les enfants de 18 mois \u00e0 8 ans, pour partir \u00e0 la d\u00e9couverte de la nature et du patrimoine \u00e0 travers jeux et manipulations. En jouant, en touchant, en exp\u00e9rimentant\u2026 bref, en s\u2019amusant vraiment.<br \/>\nCapacit\u00e9 limit\u00e9e \u00e0 25 personnes, pour que chacun profite pleinement de l\u2019exp\u00e9rience. R\u00e9servation obligatoire.<br \/>\n\ud83d\udcc5Le mercredi 29 avril : 2 cr\u00e9neaux de 1h30, 14h et 16h<br \/>\nA partir du 16 mai : le mercredi et le samedi de 10h \u00e0 11h30<br \/>\n\ud83d\udcde04 50 66 94 34<\/p>\n<p><a class=\"button-arrow\" href=\"https:\/\/www.laclusaz.com\/reservation\/experiences\/FRA\/13fe4da3-6e68-4ed8-aaec-666d53bb2587\/billet-d-entree---hameau-des-petits\" target=\"_blank\" rel=\"noopener\">INFORMATIONS ET R\u00c9SERVATION EN LIGNE<\/a><\/p>\n","contenu_image_gauche":false,"caption":""},"contenu_droite":{"type_de_contenu_droite":"texte","contenu_image_droite":false,"caption":"","contenu_texte_droite":"<h3><strong>LA LUGE DES BOIS <\/strong><\/h3>\n<p>Une descente sur rail ludique, s\u00e9curis\u00e9e et pleine de sensations. Pens\u00e9e pour tous les \u00e2ges, cette exp\u00e9rience interg\u00e9n\u00e9rationnelle invite \u00e0 d\u00e9couvrir la montagne autrement,<br \/>\n\ud83d\udcc5Du 14 mai au 17 mai et du 23 au 25 mai de 10h \u00e0 17h30.<br \/>\n\ud83d\udcde04 50 02 45 64<\/p>\n<p><a class=\"button-arrow\" href=\"https:\/\/forfait.laclusaz.com\/fr\/luge-des-bois\">INFOS ET RESERVATION<\/a><\/p>\n<h3><strong>Distillerie des Aravis<\/strong><\/h3>\n<p>\ud83d\udcc5 Mardi au samedi de 10h \u00e0 12h et de 14h \u00e0 18h. Ferm\u00e9 les jours f\u00e9ri\u00e9s.<br \/>\nVisites sur r\u00e9servation du jeudi au samedi.<br \/>\n\ud83d\udcde 04 50 02 63 80<\/p>\n<p><a class=\"button-arrow\" href=\"https:\/\/distilleriearavis.fr\/\">Plus d&#8217;infos<\/a><\/p>\n<h3><strong>Bridge Club<\/strong><\/h3>\n<p>\ud83d\udcc5 Tournois tous les lundis et jeudis \u00e0 16h30 \u00e0 la Salle Edelweiss (15 route de l\u2019Etale, 3\u00e8me \u00e9tage)<br \/>\nSe pr\u00e9senter directement sur place.<br \/>\n\ud83d\udcde 06 66 42 24 88<\/p>\n<h3><strong>Biblioth\u00e8que\u00a0<\/strong><\/h3>\n<p>\ud83d\udcc5 Lundi de 10h \u00e0 12h, mercredi et samedi de 17h \u00e0 19h.<br \/>\n\ud83d\udcde 04 50 02 41 01<\/p>\n<p><a class=\"button-arrow\" href=\"https:\/\/www.laclusaz.com\/details\/bibliotheque\/\">Plus d&#8217;infos<\/a><\/p>\n<h3><strong>Bowling<\/strong><\/h3>\n<p>\ud83d\udcc5 Tous les jours de 16h \u00e0 1h.<br \/>\nLes r\u00e9servations se font uniquement par t\u00e9l\u00e9phone\/SMS en pr\u00e9cisant la date et l&#8217;heure souhait\u00e9es, le nombre de joueurs ainsi que le nombre de parties.<br \/>\n\ud83d\udcde 07 83 03 52 56<\/p>\n<p><a class=\"button-arrow\" href=\"http:\/\/www.bowling-laclusaz.fr\/\">Plus d&#8217;infos<\/a><\/p>\n"}},{"acf_fc_layout":"one-col-content","contenu_1_colonne":"<h3><img loading=\"lazy\" decoding=\"async\" class=\"wp-image-224943 size-full aligncenter\" src=\"https:\/\/www.laclusaz.com\/app\/uploads\/2023\/04\/023-25102020-2020_IAM_CYCLOSPORTIFS_COL-ARPETTE\u00a9Tristan-Shu-Annecy-Mountains-scaled-1-e1744798105367.jpg\" alt=\"\" width=\"1536\" height=\"765\" srcset=\"https:\/\/www.laclusaz.com\/app\/uploads\/2023\/04\/023-25102020-2020_IAM_CYCLOSPORTIFS_COL-ARPETTE\u00a9Tristan-Shu-Annecy-Mountains-scaled-1-e1744798105367.jpg 1536w, https:\/\/www.laclusaz.com\/app\/uploads\/2023\/04\/023-25102020-2020_IAM_CYCLOSPORTIFS_COL-ARPETTE\u00a9Tristan-Shu-Annecy-Mountains-scaled-1-e1744798105367-300x149.jpg 300w, https:\/\/www.laclusaz.com\/app\/uploads\/2023\/04\/023-25102020-2020_IAM_CYCLOSPORTIFS_COL-ARPETTE\u00a9Tristan-Shu-Annecy-Mountains-scaled-1-e1744798105367-1024x510.jpg 1024w, https:\/\/www.laclusaz.com\/app\/uploads\/2023\/04\/023-25102020-2020_IAM_CYCLOSPORTIFS_COL-ARPETTE\u00a9Tristan-Shu-Annecy-Mountains-scaled-1-e1744798105367-768x383.jpg 768w, https:\/\/www.laclusaz.com\/app\/uploads\/2023\/04\/023-25102020-2020_IAM_CYCLOSPORTIFS_COL-ARPETTE\u00a9Tristan-Shu-Annecy-Mountains-scaled-1-e1744798105367-340x170.jpg 340w, https:\/\/www.laclusaz.com\/app\/uploads\/2023\/04\/023-25102020-2020_IAM_CYCLOSPORTIFS_COL-ARPETTE\u00a9Tristan-Shu-Annecy-Mountains-scaled-1-e1744798105367-130x65.jpg 130w\" sizes=\"auto, (max-width: 1536px) 100vw, 1536px\" \/><\/h3>\n<h2 style=\"text-align: center;\"><strong>LES<\/strong><strong> A<\/strong><strong>CTIVIT\u00c9S<\/strong><strong> OUTDOOR<\/strong><\/h2>\n<div id=\"gtx-trans\" style=\"position: absolute; left: 121px; top: 512.213px;\">\n<div class=\"gtx-trans-icon\"><\/div>\n<\/div>\n"},{"acf_fc_layout":"one-col-content","contenu_1_colonne":"<h3><strong>Randonn\u00e9es p\u00e9destres <\/strong><\/h3>\n<p>\ud83d\udccd Les randonn\u00e9es sont actuellement en cours de balisage.<\/p>\n<p><a class=\"button-arrow\" href=\"https:\/\/www.laclusaz.com\/app\/uploads\/2026\/04\/Randonnees-accessibles-avril-2026-v5.pdf\" target=\"_blank\" rel=\"noopener\">RANDONN\u00c9ES BALIS\u00c9ES ACTUELLEMENT<\/a><\/p>\n<ul>\n<li>Documentation en vente \u00e0 l&#8217;Office de Tourisme : carte exhaustive des sentiers pi\u00e9tons balis\u00e9s (5\u20ac), topo-guides th\u00e9matiques \u00ab Balades en famille \u00bb et \u00ab Randonn\u00e9es sportives incontournables \u00bb (3\u20ac chacun).<\/li>\n<li>Nouvelle application reprenant certains itin\u00e9raires et pouvant \u00eatre utilis\u00e9e en mode g\u00e9o-guidage : &#8220;Lac Annecy Aravis Outdoor&#8221;, disponible gratuitement sur Apple et Google Store \u00e0 partir de mi mai 2026.<\/li>\n<\/ul>\n<h3><strong>Escalade <\/strong><\/h3>\n<p>\ud83d\udccd Falaise-\u00e9cole des Aravis \u00e0 La Clusaz et divers sites dans les Aravis. Selon enneigement.<br \/>\nTopo en consultation \u00e0 l\u2019Office de Tourisme.<br \/>\nAcc\u00e8s libre.<br \/>\nPossibilit\u00e9 d\u2019encadrement.<br \/>\nRenseignements aupr\u00e8s du Bureau des Guides<br \/>\n\ud83d\udcde 04 50 63 35 99 ou 06 14 11 58 68<\/p>\n<h3><strong>Via Ferrata\u00a0<\/strong><\/h3>\n<p>\ud83d\udccd Site &#8220;Yves Pollet Villard&#8221; au Col des Aravis.<br \/>\n\ud83d\udcc5 <strong>Date d&#8217;ouverture en attente<\/strong> (selon enneigement).<br \/>\nPour plus d\u2019informations contacter l\u2019Office de Tourisme.<br \/>\n\ud83d\udcde\u00a0Renseignements aupr\u00e8s du Bureau des Guides<br \/>\n04 50 63 35 99 ou 06 14 11 58 68<\/p>\n<h3><strong>P\u00eache en torrent et rivi\u00e8re\u00a0<\/strong><\/h3>\n<p>Renseignements et vente de cartes de p\u00eaches \u00e0 l\u2019Office de tourisme de la Clusaz.<br \/>\n\ud83d\udcde 04 50 32 65 00<\/p>\n<h3><strong>Alpinisme, randonn\u00e9es glaciaires\u00a0<\/strong><\/h3>\n<p>Sur demande. Renseignements aupr\u00e8s du Bureau des Guides<br \/>\n\ud83d\udcde 04 50 63 35 99 ou 06 14 11 58 68<\/p>\n<h3>Parapente<\/h3>\n<ul>\n<li><strong>Avec Aravis Parapente<br \/>\n<\/strong>Sur r\u00e9servation<br \/>\n\ud83d\udcde 06 88 07 04 72<\/li>\n<\/ul>\n<p><a class=\"button-arrow\" href=\"https:\/\/www.laclusaz.com\/reservation\/experiences\/FRA\/18b92642-20c0-4f83-ad21-e732ee7a50c8\/bapteme-de-parapente---vol-decouverte?useDetailSearch=false\" target=\"_blank\" rel=\"noopener\">INFORMATION ET R\u00c9SERVATION EN LIGNE<\/a><\/p>\n<ul>\n<li class=\"cvGsUA direction-ltr align-justify para-style-body\"><strong><span class=\"OYPEnA text-decoration-none text-strikethrough-none\">Avec S en Ciel Parapente biplace<br \/>\n<\/span><\/strong><span class=\"OYPEnA text-decoration-none text-strikethrough-none\">Sur r\u00e9servation.<\/span><strong><span class=\"OYPEnA text-decoration-none text-strikethrough-none\"><br \/>\n<\/span><\/strong>\ud83d\udcde 06 60 55 33 57 ou 06 11 82 72 05<\/li>\n<\/ul>\n<h3><strong>Cyclisme (v\u00e9lo de route)<\/strong><\/h3>\n<p class=\"LC20lb MBeuO DKV0Md\">\ud83d\udccd Nombreux cols et circuits \u00e0 proximit\u00e9, en acc\u00e8s libre.<br \/>\nCarte des itin\u00e9raires disponible gratuitement \u00e0 l\u2019Office de Tourisme.<\/p>\n<p><a class=\"button-arrow\" href=\"https:\/\/www.annecymountains.com\/mes-envies\/cyclo\/\" target=\"_blank\" rel=\"noopener\">PLUS D&#8217;INFOS<\/a><\/p>\n<h3><strong>VTT<span style=\"color: #00e2b4;\">\u00a0<\/span><\/strong><\/h3>\n<p>\ud83d\udccd Les sentiers de randonn\u00e9e (XC) sont balis\u00e9es au fur et \u00e0 mesure que la neige fond.<br \/>\nAu vu des grosses quantit\u00e9s de neige tomb\u00e9es cet hiver, il faut contacter au pr\u00e9alable l&#8217;Office de Tourisme pour connaitre les sentiers praticables et balis\u00e9s.<br \/>\nPour les itin\u00e9raires dont le d\u00e9part est normalement situ\u00e9 au sommet d&#8217;une remont\u00e9e m\u00e9canique, celles-ci \u00e9tant actuellement ferm\u00e9es, il faudra emprunter un autre sentier pour rejoindre le point de d\u00e9part. Cela augmente donc la distance et le d\u00e9nivel\u00e9 de certains parcours.<br \/>\nRetrouvez les parcours sur notre nouvelle application &#8220;Lac Annecy Aravis Outdoor&#8221;, disponible gratuitement sur Apple et Google Store \u00e0 partir du 1er mai 2026.<\/p>\n<h3>LOCATION DE VTT<\/h3>\n<ul>\n<li><strong>avec Alpes Aventures<\/strong><\/li>\n<\/ul>\n<p>Location de VTT \u00e0 assistance \u00e9lectrique pour adulte et junior.<br \/>\n\ud83d\udcc5 Ouvert du mercredi au samedi (appeler au pr\u00e9alable pour v\u00e9rifier les horaires d&#8217;ouverture).<br \/>\n\ud83d\udcde\u00a004 58 23 10 00<\/p>\n<p><a class=\"button-arrow\" href=\"https:\/\/www.alpesaventures.com\/\" target=\"_blank\" rel=\"noopener\">PLUS D&#8217;INFOS<\/a><\/p>\n<ul>\n<li><strong>avec Le Schuss<\/strong><\/li>\n<\/ul>\n<p>Location de VTT \u00e9lectriques, de VTT de descente, enduro et cross-country, pour adulte et enfant.<br \/>\nR\u00e9servation par mail ou par t\u00e9l\u00e9phone.<br \/>\n\ud83d\udcc5 Ouvert tous les jours.<br \/>\n\ud83d\udcde 04 50 02 42 68<br \/>\n\ud83d\udce7 contact@le-schuss.fr<\/p>\n<p class=\"LC20lb MBeuO DKV0Md\"><a class=\"button-arrow\" href=\"https:\/\/le-schuss-velo.notresphere.com\/\" target=\"_blank\" rel=\"noopener\">PLUS D&#8217;INFOS<\/a><\/p>\n<h3><strong>Golf des Confins\u00a0<\/strong><\/h3>\n<p>Parcours 2&#215;6 trous, practice, putting green, cours, location de mat\u00e9riel.<br \/>\n\ud83d\udcc5 <strong>Date d&#8217;ouverture en attente<\/strong> (ouvert tous les samedis, dimanches et jours f\u00e9ri\u00e9s &#8211; selon enneigement).<br \/>\n\ud83d\udcde 06 37 48 35 99<\/p>\n<p><a class=\"button-arrow\" href=\"https:\/\/www.facebook.com\/people\/Golf-des-Confins\/100063716016419\/\" target=\"_blank\" rel=\"noopener\">PLUS D&#8217;INFOS<\/a><\/p>\n<h3><strong>Balades \u00e0 poneys et avec des \u00e2nes : <\/strong><strong>Les Galopins<\/strong><\/h3>\n<p>Location d\u2019\u00e2nes, poneys et lamas sur le magnifique plateau des Confins.<br \/>\nS\u00e9curit\u00e9, accueil, d\u00e9paysement et d\u00e9couverte d&#8217;espaces naturels exceptionnels sont au rendez-vous.<br \/>\nEn cas de fortes pluies, l\u2019activit\u00e9 est ferm\u00e9e et les animaux se reposent.<br \/>\n\ud83d\udcc5 <strong>D\u00e9but mai (date en attente)<\/strong> : ouvert les mercredis, samedis, dimanches et jours f\u00e9ri\u00e9s, de 9h30 \u00e0 17h30.<br \/>\n\ud83d\udcde 07 45 12 31 23<\/p>\n<p><a class=\"button-arrow\" href=\"https:\/\/www.lesgalopins.info\/\" target=\"_blank\" rel=\"noopener\">PLUS D&#8217;INFOS<\/a><\/p>\n<h3><strong>Tennis du Cortibot\u00a0<\/strong><\/h3>\n<p>\ud83d\udccd Route des Confins, En acc\u00e8s libre (selon enneigement).<br \/>\nLocation de raquettes et de balles possible aupr\u00e8s du Club des Sports pendant leurs horaires d\u2019ouverture.<br \/>\n\ud83d\udcde 04 50 32 69 50<\/p>\n"},{"acf_fc_layout":"two-col-content","contenu_gauche":{"type_de_contenu_gauche":"texte","contenu_texte_gauche":"<h2 style=\"text-align: center;\"><strong>SITES NATURELS A VISITER<\/strong><\/h2>\n<ul>\n<li><strong>Hameau des Confins<\/strong> (5 km au-dessus de La Clusaz)\u00a0: lac, vieux chalets, balades (selon enneigement), ch\u00e8vrerie\u2026<\/li>\n<li><strong>Col des Aravis<\/strong> (7 km au-dessus de La Clusaz)\u00a0: panorama sur le Mont Blanc par beau temps, boutiques souvenirs, restaurants, \u2026<\/li>\n<li><strong>Plateau de Beauregard<\/strong> : Plateau \u00e0 1600 m d&#8217;altitude avec vue sur la chaine des Aravis, acc\u00e8s depuis La Croix Fry \u00e0 7km puis rejoindre le plateau \u00e0 pied (environ 1h aller, selon enneigement).<\/li>\n<\/ul>\n","contenu_image_gauche":false,"caption":""},"contenu_droite":{"type_de_contenu_droite":"texte","contenu_image_droite":false,"caption":"","contenu_texte_droite":"<p><img loading=\"lazy\" decoding=\"async\" class=\"alignnone wp-image-197761 size-large\" src=\"https:\/\/www.laclusaz.com\/app\/uploads\/2023\/04\/LC2020-col-des-aravis-Pierrick-Aubert.jpg-768x1024.jpg\" alt=\"\" width=\"640\" height=\"853\" srcset=\"https:\/\/www.laclusaz.com\/app\/uploads\/2023\/04\/LC2020-col-des-aravis-Pierrick-Aubert.jpg-768x1024.jpg 768w, https:\/\/www.laclusaz.com\/app\/uploads\/2023\/04\/LC2020-col-des-aravis-Pierrick-Aubert.jpg-225x300.jpg 225w, https:\/\/www.laclusaz.com\/app\/uploads\/2023\/04\/LC2020-col-des-aravis-Pierrick-Aubert.jpg-1152x1536.jpg 1152w, https:\/\/www.laclusaz.com\/app\/uploads\/2023\/04\/LC2020-col-des-aravis-Pierrick-Aubert.jpg-1536x2048.jpg 1536w, https:\/\/www.laclusaz.com\/app\/uploads\/2023\/04\/LC2020-col-des-aravis-Pierrick-Aubert.jpg-98x130.jpg 98w, https:\/\/www.laclusaz.com\/app\/uploads\/2023\/04\/LC2020-col-des-aravis-Pierrick-Aubert.jpg-scaled.jpg 1440w\" sizes=\"auto, (max-width: 640px) 100vw, 640px\" \/><\/p>\n"}},{"acf_fc_layout":"one-col-content","contenu_1_colonne":"<h2>SPAS,\u00a0MASSAGES &amp; BIEN-\u00caTRE<\/h2>\n"},{"acf_fc_layout":"one-col-content","contenu_1_colonne":"<h3>CABINET DE KIN\u00c9 \/ OST\u00c9OPATHIE<\/h3>\n<p>Massages bien-\u00eatre toute l\u2019ann\u00e9e, sur r\u00e9servation.<br \/>\n\ud83d\udcde 04 50 02 51 78<\/p>\n<p><a class=\"button-arrow\" href=\"https:\/\/www.osteoaravis.com\/\" target=\"_blank\" rel=\"noopener\">PLUS D&#8217;INFOS<\/a><\/p>\n<h3><strong>Institut by Lucie<\/strong><strong>\u00a0<\/strong><\/h3>\n<p>Modelage, soins de beaut\u00e9 femmes et hommes (visage, corps, \u00e9pilation, mise en beaut\u00e9, mains et pieds.)<br \/>\n\ud83d\udcc5 Du lundi au samedi sur rendez-vous.<br \/>\n\ud83d\udcde 06 95 13 11 89<\/p>\n<p><a class=\"button-arrow\" href=\"https:\/\/linstitutbylucie.wixsite.com\/laclusaz\" target=\"_blank\" rel=\"noopener\">PLUS D&#8217;INFOS<\/a><\/p>\n<h3><strong>Alpine Institut<\/strong><\/h3>\n<p>Soins du visage, soins du corps, \u00e9pilation et mise en beaut\u00e9. Toute l\u2019ann\u00e9e sur r\u00e9servation.<br \/>\n\ud83d\udcc5 Du lundi au vendredi de 9h \u00e0 12h et de 14h \u00e0 19h. Le samedi de 9h \u00e0 12h et de 14h \u00e0 18h.<br \/>\n\ud83d\udcde 04 50 02 57 10<\/p>\n<p><a class=\"button-arrow\" href=\"https:\/\/www.alpineinstitut.com\/home\" target=\"_blank\" rel=\"noopener\">PLUS D&#8217;INFOS<\/a><\/p>\n<h3><strong>Nuxe Spa h\u00f4tel St Alban<\/strong><\/h3>\n<p>Massages bien-\u00eatre au centre de soin.<br \/>\nSur r\u00e9servation.<br \/>\n\ud83d\udcc5 Ouvert \u00e0 partir du 13 mai de 10h \u00e0 20h.<br \/>\n\ud83d\udcde 04 58 10 51 70<\/p>\n<p><a class=\"button-arrow\" href=\"https:\/\/www.hotel-st-alban.com\/spa\/\" target=\"_blank\" rel=\"noopener\">PLUS D&#8217;INFOS<\/a><\/p>\n<h3><strong>Carlina Spa<\/strong><\/h3>\n<p>L\u2019espace bien-\u00eatre vous accueille sans r\u00e9servation pr\u00e9alable, de 10h \u00e0 20 h tous les jours dans une ambiance moderne bois\u00e9e.<br \/>\n\ud83d\udcc5 Ouvert \u00e0 partir du 14 mai de 10h \u00e0 20h.<br \/>\n\ud83d\udcde 04 50 02 43 48<\/p>\n<p><a class=\"button-arrow\" href=\"https:\/\/https:\/\/www.hotel-carlina.com\/piscine-spa\/\" target=\"_blank\" rel=\"noopener\">PLUS D&#8217;INFOS<\/a><\/p>\n<h3><strong>Cristal Spa &#8211; Hotel Beauregard<\/strong><\/h3>\n<p>L\u2019espace bien-\u00eatre est accessible \u00e0 la client\u00e8le ext\u00e9rieure sur r\u00e9servation d\u2019un soin d\u2019une dur\u00e9e minimale de 50 minutes, donnant droit \u00e0 un acc\u00e8s d\u2019une heure \u00e0 l\u2019espace bien-\u00eatre.<br \/>\n\ud83d\udcc5 Ouvert tous les jours de 10h \u00e0 20h.<br \/>\n\ud83d\udcde 04 50 32 68 00<\/p>\n<p><a class=\"button-arrow\" href=\"https:\/https:\/\/www.hotel-beauregard.fr\/cristal-spa\/\" target=\"_blank\" rel=\"noopener\">PLUS D&#8217;INFOS<\/a><\/p>\n"},{"acf_fc_layout":"two-col-content","contenu_gauche":{"type_de_contenu_gauche":"texte","contenu_texte_gauche":"<p><img loading=\"lazy\" decoding=\"async\" class=\"alignnone wp-image-197768 size-large\" src=\"https:\/\/www.laclusaz.com\/app\/uploads\/2023\/04\/LC2018-F.BLANC-marche-8-683x1024.jpg\" alt=\"\" width=\"640\" height=\"960\" srcset=\"https:\/\/www.laclusaz.com\/app\/uploads\/2023\/04\/LC2018-F.BLANC-marche-8-683x1024.jpg 683w, https:\/\/www.laclusaz.com\/app\/uploads\/2023\/04\/LC2018-F.BLANC-marche-8-200x300.jpg 200w, https:\/\/www.laclusaz.com\/app\/uploads\/2023\/04\/LC2018-F.BLANC-marche-8-768x1152.jpg 768w, https:\/\/www.laclusaz.com\/app\/uploads\/2023\/04\/LC2018-F.BLANC-marche-8-1024x1536.jpg 1024w, https:\/\/www.laclusaz.com\/app\/uploads\/2023\/04\/LC2018-F.BLANC-marche-8-1365x2048.jpg 1365w, https:\/\/www.laclusaz.com\/app\/uploads\/2023\/04\/LC2018-F.BLANC-marche-8-87x130.jpg 87w, https:\/\/www.laclusaz.com\/app\/uploads\/2023\/04\/LC2018-F.BLANC-marche-8-scaled.jpg 1280w\" sizes=\"auto, (max-width: 640px) 100vw, 640px\" \/><\/p>\n<h3><\/h3>\n<p>&nbsp;<\/p>\n","contenu_image_gauche":false,"caption":""},"contenu_droite":{"type_de_contenu_droite":"texte","contenu_image_droite":false,"caption":"","contenu_texte_droite":"<h2><strong>ANIMATIONS\u00a0<\/strong><\/h2>\n<h3><strong>March\u00e9 de La Clusaz\u00a0<\/strong><\/h3>\n<p>\ud83d\udcc5 Tous les lundis matin sur la place de l&#8217;\u00e9glise.<\/p>\n<h3><\/h3>\n<h3><strong>Maison des habitants<\/strong><\/h3>\n<p>\ud83d\udcc5 Nombreuses animations et ateliers (danse, yoga, pilates, sophrologie, c\u00e9ramique, \u2026).<\/p>\n<p><a class=\"button-arrow\" href=\"https:\/\/www.laclusaz.org\/contacts\/maison-des-habitants\/\" target=\"_blank\" rel=\"noopener\">PLUS D&#8217;INFOS<\/a><\/p>\n<p>&nbsp;<\/p>\n"}},{"acf_fc_layout":"two-col-content","contenu_gauche":{"type_de_contenu_gauche":"texte","contenu_texte_gauche":"<h2 style=\"text-align: center;\"><strong>RESTAURANTS<\/strong><\/h2>\n<p><strong><span class=\"green-under\">Dans le centre du village<\/span><br \/>\n<\/strong><\/p>\n<p><strong>La Cord\u00e9e<span style=\"color: #00e2b4;\">\u00a0<\/span><\/strong><br \/>\n\ud83d\udcde 04 50 02 46 18<br \/>\n\ud83d\udcc5 Jusqu&#8217;au 17 mai, ouvert de 10h \u00e0 22h tous les jours sauf le mercredi.<\/p>\n<p><strong>Le Bal\u00a0<\/strong><br \/>\n\ud83d\udcde 06 09 54 17 77<br \/>\n\ud83d\udcc5Ouvert du mercredi au samedi 16h \u00e0 23h.<\/p>\n<p><strong>Le Bistro\u00a0<\/strong><br \/>\n\ud83d\udcde 04 50 02 64 37<br \/>\n\ud83d\udcc5 Ouvert tous les jours de 7h \u00e0 23h.<\/p>\n<p><strong>Le Bistrot Les 2 Mules\u00a0<\/strong><br \/>\n\ud83d\udcde04 50 10 47 81<br \/>\n\ud83d\udcc5 Ouvert du mercredi au dimanche. Service du midi (uniquement le dimanche) de 12h \u00e0 14h \/ Service du soir (tous les jours) de 18h45 \u00e0 23h.<\/p>\n<p><strong>La Cal\u00e8che\u00a0<\/strong><br \/>\n\ud83d\udcde 04 50 02 42 60<br \/>\n\ud83d\udcc5 Jusqu&#8217;au 10 mai, ouvert du mardi au samedi de 12h \u00e0 21h30 et le dimanche de 12h \u00e0 15h. Service en continu. Ferm\u00e9 le dimanche soir et le lundi.<\/p>\n<p><strong>Le Ferme<\/strong><br \/>\n\ud83d\udcde 04 50 02 50 50<br \/>\n\ud83d\udcc5 Ouvert tous les jours, midi et soir.<\/p>\n<p><strong>La Fruiti\u00e8re<\/strong><br \/>\n\ud83d\udcde 04 50 63 13 66<br \/>\n\ud83d\udcc5 Ouvert tous du lundi au samedi midi et soir et le dimanche midi.<\/p>\n<p><strong>Le Petit Montagnard<\/strong><br \/>\n\ud83d\udcde 04 50 63 38 38<br \/>\n\ud83d\udcc5 Ouvert tous les jours, sauf le dimanche soir.<\/p>\n<p><strong>L&#8217;Outa\u00a0<\/strong><br \/>\n\ud83d\udcde 04 50 02 45 35<br \/>\n\ud83d\udcc5 Ouvert jusqu&#8217;au 11 mai, du mardi au samedi de 10h30 \u00e0 22h30 et le dimanche de 10h30 \u00e0 15h.<\/p>\n<p><strong>Pizz&#8217; Avalanche<\/strong><br \/>\n\ud83d\udcde 09 87 28 60 28<br \/>\n\ud83d\udcc5 Ouvert pendants les ponts du mois de mai<\/p>\n<p><strong>Titina\u00a0<\/strong><br \/>\n\ud83d\udcde 04 50 23 97 47<br \/>\n\ud83d\udcc5 Ouvert du mercredi au dimanche, midi et soir.<\/p>\n<p><strong>Le Scrapeur<\/strong><br \/>\n\ud83d\udcc5Du 14 mai au 17 mai et du 23 au 25 mai de 10h \u00e0 17h30.<\/p>\n<p><span class=\"green-under\"><strong>Au Col des Aravis<\/strong><\/span><\/p>\n<p><strong>La Porte des Aravis\u00a0<\/strong><br \/>\n\ud83d\udcde 04 50 02 47 15<br \/>\n\ud83d\udcc5 Ouvert tous les jours, de 9h \u00e0 18h.<\/p>\n<p><strong>Les Rhodos<\/strong><br \/>\n\ud83d\udcde 04 50 64 53 56<br \/>\n\ud83d\udcc5 Ouvert tous les jours, midi et soir.<\/p>\n<p><span class=\"green-under\"><strong>Vall\u00e9e de l&#8217;Etale<\/strong><\/span><\/p>\n<p><strong>Le Chalet des Joux\u00a0<\/strong><br \/>\n\ud83d\udcde 04 50 45 18 47<br \/>\n\ud83d\udcc5 Ouvert le 24 et 25 mai le midi.<\/p>\n<p><span class=\"green-under\"><strong>Aux Confins<\/strong><\/span><\/p>\n<p><strong>Le Chalet du Lac\u00a0<\/strong><br \/>\n\ud83d\udcde 04 50 02 53 26<br \/>\n\ud83d\udcc5 Ouvert du jeudi au samedi, midi et soir et le dimanche midi.<\/p>\n<p><strong>L&#8217;Endryre <\/strong><br \/>\n\ud83d\udcde 04 50 02 48 92<br \/>\n\ud83d\udcc5 Ouvert du mercredi au dimanche de 9h \u00e0 18h.<\/p>\n","contenu_image_gauche":false,"caption":""},"contenu_droite":{"type_de_contenu_droite":"texte","contenu_image_droite":false,"caption":"","contenu_texte_droite":"<p><img loading=\"lazy\" decoding=\"async\" class=\"alignnone wp-image-197772 size-large\" src=\"https:\/\/www.laclusaz.com\/app\/uploads\/2023\/04\/LC2018-JMUGNIERY-Gastro-2-743x1024.jpg\" alt=\"\" width=\"640\" height=\"882\" srcset=\"https:\/\/www.laclusaz.com\/app\/uploads\/2023\/04\/LC2018-JMUGNIERY-Gastro-2-743x1024.jpg 743w, https:\/\/www.laclusaz.com\/app\/uploads\/2023\/04\/LC2018-JMUGNIERY-Gastro-2-218x300.jpg 218w, https:\/\/www.laclusaz.com\/app\/uploads\/2023\/04\/LC2018-JMUGNIERY-Gastro-2-768x1058.jpg 768w, https:\/\/www.laclusaz.com\/app\/uploads\/2023\/04\/LC2018-JMUGNIERY-Gastro-2-1115x1536.jpg 1115w, https:\/\/www.laclusaz.com\/app\/uploads\/2023\/04\/LC2018-JMUGNIERY-Gastro-2-1486x2048.jpg 1486w, https:\/\/www.laclusaz.com\/app\/uploads\/2023\/04\/LC2018-JMUGNIERY-Gastro-2-94x130.jpg 94w, https:\/\/www.laclusaz.com\/app\/uploads\/2023\/04\/LC2018-JMUGNIERY-Gastro-2-scaled.jpg 1393w\" sizes=\"auto, (max-width: 640px) 100vw, 640px\" \/><\/p>\n<p><img loading=\"lazy\" decoding=\"async\" class=\"size-full wp-image-116288 alignnone\" src=\"https:\/\/www.laclusaz.com\/app\/uploads\/2022\/09\/restaurants-1.jpg\" alt=\"\" width=\"675\" height=\"841\" srcset=\"https:\/\/www.laclusaz.com\/app\/uploads\/2022\/09\/restaurants-1.jpg 675w, https:\/\/www.laclusaz.com\/app\/uploads\/2022\/09\/restaurants-1-241x300.jpg 241w, https:\/\/www.laclusaz.com\/app\/uploads\/2022\/09\/restaurants-1-340x425.jpg 340w, https:\/\/www.laclusaz.com\/app\/uploads\/2022\/09\/restaurants-1-104x130.jpg 104w\" sizes=\"auto, (max-width: 675px) 100vw, 675px\" \/><\/p>\n<p><img loading=\"lazy\" decoding=\"async\" class=\"aligncenter size-full wp-image-284824\" src=\"https:\/\/www.laclusaz.com\/app\/uploads\/2024\/09\/LC-2024-lsaintmartin-laferme-web-12.jpg\" alt=\"\" width=\"1365\" height=\"2048\" srcset=\"https:\/\/www.laclusaz.com\/app\/uploads\/2024\/09\/LC-2024-lsaintmartin-laferme-web-12.jpg 1365w, https:\/\/www.laclusaz.com\/app\/uploads\/2024\/09\/LC-2024-lsaintmartin-laferme-web-12-200x300.jpg 200w, https:\/\/www.laclusaz.com\/app\/uploads\/2024\/09\/LC-2024-lsaintmartin-laferme-web-12-683x1024.jpg 683w, https:\/\/www.laclusaz.com\/app\/uploads\/2024\/09\/LC-2024-lsaintmartin-laferme-web-12-768x1152.jpg 768w, https:\/\/www.laclusaz.com\/app\/uploads\/2024\/09\/LC-2024-lsaintmartin-laferme-web-12-1024x1536.jpg 1024w, https:\/\/www.laclusaz.com\/app\/uploads\/2024\/09\/LC-2024-lsaintmartin-laferme-web-12-87x130.jpg 87w\" sizes=\"auto, (max-width: 1365px) 100vw, 1365px\" \/><\/p>\n"}},{"acf_fc_layout":"one-col-content","contenu_1_colonne":"<h3 style=\"text-align: center;\">En mai, r\u00e9servez votre s\u00e9jour \u00e0 la montagne !<\/h3>\n<p style=\"text-align: center;\">Les jours rallongent, les fleurs sont de sortie, les temp\u00e9ratures s&#8217;adoucissent : c&#8217;est le moment id\u00e9al pour une pause printani\u00e8re en montagne ! Que vous soyez plut\u00f4t Ascension ou Pentec\u00f4te, venez d\u00e9couvrir La Clusaz dans le calme de l&#8217;intersaison.<\/p>\n<div class=\"mt-4\">\n<p class=\"dw\" style=\"text-align: center;\"><a class=\"button-arrow\" href=\"https:\/\/www.laclusaz.com\/reservation\/hebergements\" target=\"_blank\" rel=\"noopener\">R\u00c9SERVEZ VOTRE S\u00c9JOUR<\/a><\/p>\n<\/div>\n"}]},"yoast_head":"<!-- This site is optimized with the Yoast SEO plugin v26.5 - https:\/\/yoast.com\/wordpress\/plugins\/seo\/ -->\n<title>Que faire en Mai \u00e0 La Clusaz ? | La Clusaz<\/title>\n<meta name=\"robots\" content=\"index, follow, max-snippet:-1, max-image-preview:large, max-video-preview:-1\" \/>\n<link rel=\"canonical\" href=\"https:\/\/www.laclusaz.com\/nl\/le-mag\/inspirations-nl\/que-faire-en-mai-a-la-clusaz\/\" \/>\n<meta property=\"og:locale\" content=\"nl_NL\" \/>\n<meta property=\"og:type\" content=\"article\" \/>\n<meta property=\"og:title\" content=\"Que faire en Mai \u00e0 La Clusaz ? | La Clusaz\" \/>\n<meta property=\"og:description\" content=\"P\u00e9riode du 27 avril au 31 mai 2026 Le mois de mai est une p\u00e9riode plut\u00f4t calme chez nous \u00e0 la montagne, venez donc prendre un bol d\u2019air frais pour vous [&hellip;]\" \/>\n<meta property=\"og:url\" content=\"https:\/\/www.laclusaz.com\/nl\/le-mag\/inspirations-nl\/que-faire-en-mai-a-la-clusaz\/\" \/>\n<meta property=\"og:site_name\" content=\"La Clusaz\" \/>\n<meta property=\"article:publisher\" content=\"https:\/\/www.facebook.com\/LaClusaz\" \/>\n<meta property=\"article:published_time\" content=\"2026-04-15T07:51:42+00:00\" \/>\n<meta property=\"article:modified_time\" content=\"2026-04-27T12:06:30+00:00\" \/>\n<meta property=\"og:image\" content=\"https:\/\/www.laclusaz.com\/app\/uploads\/2023\/03\/La_Clusaz-Share.jpg\" \/>\n\t<meta property=\"og:image:width\" content=\"1200\" \/>\n\t<meta property=\"og:image:height\" content=\"630\" \/>\n\t<meta property=\"og:image:type\" content=\"image\/jpeg\" \/>\n<meta name=\"author\" content=\"Lucie Saint Martin\" \/>\n<meta name=\"twitter:card\" content=\"summary_large_image\" \/>\n<meta name=\"twitter:creator\" content=\"@LaClusaz\" \/>\n<meta name=\"twitter:site\" content=\"@LaClusaz\" \/>\n<meta name=\"twitter:label1\" content=\"Written by\" \/>\n\t<meta name=\"twitter:data1\" content=\"Lucie Saint Martin\" \/>\n\t<meta name=\"twitter:label2\" content=\"Est. reading time\" \/>\n\t<meta name=\"twitter:data2\" content=\"1 minute\" \/>\n<script type=\"application\/ld+json\" class=\"yoast-schema-graph\">{\"@context\":\"https:\/\/schema.org\",\"@graph\":[{\"@type\":\"Article\",\"@id\":\"https:\/\/www.laclusaz.com\/nl\/le-mag\/inspirations-nl\/que-faire-en-mai-a-la-clusaz\/#article\",\"isPartOf\":{\"@id\":\"https:\/\/www.laclusaz.com\/nl\/le-mag\/inspirations-nl\/que-faire-en-mai-a-la-clusaz\/\"},\"author\":{\"name\":\"Lucie Saint Martin\",\"@id\":\"https:\/\/www.laclusaz.com\/nl\/#\/schema\/person\/ba40fc89353243da43623e6dacc4129a\"},\"headline\":\"Que faire en Mai \u00e0 La Clusaz ?\",\"datePublished\":\"2026-04-15T07:51:42+00:00\",\"dateModified\":\"2026-04-27T12:06:30+00:00\",\"mainEntityOfPage\":{\"@id\":\"https:\/\/www.laclusaz.com\/nl\/le-mag\/inspirations-nl\/que-faire-en-mai-a-la-clusaz\/\"},\"wordCount\":96,\"publisher\":{\"@id\":\"https:\/\/www.laclusaz.com\/nl\/#organization\"},\"articleSection\":[\"Inspirations\"],\"inLanguage\":\"nl-NL\"},{\"@type\":\"WebPage\",\"@id\":\"https:\/\/www.laclusaz.com\/nl\/le-mag\/inspirations-nl\/que-faire-en-mai-a-la-clusaz\/\",\"url\":\"https:\/\/www.laclusaz.com\/nl\/le-mag\/inspirations-nl\/que-faire-en-mai-a-la-clusaz\/\",\"name\":\"Que faire en Mai \u00e0 La Clusaz ? | La Clusaz\",\"isPartOf\":{\"@id\":\"https:\/\/www.laclusaz.com\/nl\/#website\"},\"datePublished\":\"2026-04-15T07:51:42+00:00\",\"dateModified\":\"2026-04-27T12:06:30+00:00\",\"breadcrumb\":{\"@id\":\"https:\/\/www.laclusaz.com\/nl\/le-mag\/inspirations-nl\/que-faire-en-mai-a-la-clusaz\/#breadcrumb\"},\"inLanguage\":\"nl-NL\",\"potentialAction\":[{\"@type\":\"ReadAction\",\"target\":[\"https:\/\/www.laclusaz.com\/nl\/le-mag\/inspirations-nl\/que-faire-en-mai-a-la-clusaz\/\"]}]},{\"@type\":\"BreadcrumbList\",\"@id\":\"https:\/\/www.laclusaz.com\/nl\/le-mag\/inspirations-nl\/que-faire-en-mai-a-la-clusaz\/#breadcrumb\",\"itemListElement\":[{\"@type\":\"ListItem\",\"position\":1,\"name\":\"Startpagina\",\"item\":\"https:\/\/www.laclusaz.com\/nl\/\"},{\"@type\":\"ListItem\",\"position\":2,\"name\":\"Inspirations\",\"item\":\"https:\/\/www.laclusaz.com\/nl\/le-mag\/categorie\/inspirations-nl\/\"},{\"@type\":\"ListItem\",\"position\":3,\"name\":\"Que faire en Mai \u00e0 La Clusaz ?\"}]},{\"@type\":\"WebSite\",\"@id\":\"https:\/\/www.laclusaz.com\/nl\/#website\",\"url\":\"https:\/\/www.laclusaz.com\/nl\/\",\"name\":\"La Clusaz\",\"description\":\"\",\"publisher\":{\"@id\":\"https:\/\/www.laclusaz.com\/nl\/#organization\"},\"potentialAction\":[{\"@type\":\"SearchAction\",\"target\":{\"@type\":\"EntryPoint\",\"urlTemplate\":\"https:\/\/www.laclusaz.com\/nl\/?s={search_term_string}\"},\"query-input\":{\"@type\":\"PropertyValueSpecification\",\"valueRequired\":true,\"valueName\":\"search_term_string\"}}],\"inLanguage\":\"nl-NL\"},{\"@type\":\"Organization\",\"@id\":\"https:\/\/www.laclusaz.com\/nl\/#organization\",\"name\":\"La Clusaz\",\"url\":\"https:\/\/www.laclusaz.com\/nl\/\",\"logo\":{\"@type\":\"ImageObject\",\"inLanguage\":\"nl-NL\",\"@id\":\"https:\/\/www.laclusaz.com\/nl\/#\/schema\/logo\/image\/\",\"url\":\"https:\/\/www.laclusaz.com\/app\/uploads\/2023\/03\/Logo-La-Clusaz-French-Alps-paysage.png\",\"contentUrl\":\"https:\/\/www.laclusaz.com\/app\/uploads\/2023\/03\/Logo-La-Clusaz-French-Alps-paysage.png\",\"width\":1920,\"height\":1018,\"caption\":\"La Clusaz\"},\"image\":{\"@id\":\"https:\/\/www.laclusaz.com\/nl\/#\/schema\/logo\/image\/\"},\"sameAs\":[\"https:\/\/www.facebook.com\/LaClusaz\",\"https:\/\/x.com\/LaClusaz\",\"https:\/\/www.instagram.com\/laclusazskiresort\/\",\"https:\/\/www.youtube.com\/channel\/UC0nXO2GDOebkqOvTCx8gtGA\",\"https:\/\/www.tiktok.com\/@la_clusaz\"]},{\"@type\":\"Person\",\"@id\":\"https:\/\/www.laclusaz.com\/nl\/#\/schema\/person\/ba40fc89353243da43623e6dacc4129a\",\"name\":\"Lucie Saint Martin\",\"image\":{\"@type\":\"ImageObject\",\"inLanguage\":\"nl-NL\",\"@id\":\"https:\/\/www.laclusaz.com\/nl\/#\/schema\/person\/image\/\",\"url\":\"https:\/\/secure.gravatar.com\/avatar\/48dc866697db9bcca0b922cc5407b5bd268e48c04cfaa20ca0444a44d5827f5d?s=96&d=mm&r=g\",\"contentUrl\":\"https:\/\/secure.gravatar.com\/avatar\/48dc866697db9bcca0b922cc5407b5bd268e48c04cfaa20ca0444a44d5827f5d?s=96&d=mm&r=g\",\"caption\":\"Lucie Saint Martin\"}}]}<\/script>\n<!-- \/ Yoast SEO plugin. -->","yoast_head_json":{"title":"Que faire en Mai \u00e0 La Clusaz ? | La Clusaz","robots":{"index":"index","follow":"follow","max-snippet":"max-snippet:-1","max-image-preview":"max-image-preview:large","max-video-preview":"max-video-preview:-1"},"canonical":"https:\/\/www.laclusaz.com\/nl\/le-mag\/inspirations-nl\/que-faire-en-mai-a-la-clusaz\/","og_locale":"nl_NL","og_type":"article","og_title":"Que faire en Mai \u00e0 La Clusaz ? | La Clusaz","og_description":"P\u00e9riode du 27 avril au 31 mai 2026 Le mois de mai est une p\u00e9riode plut\u00f4t calme chez nous \u00e0 la montagne, venez donc prendre un bol d\u2019air frais pour vous [&hellip;]","og_url":"https:\/\/www.laclusaz.com\/nl\/le-mag\/inspirations-nl\/que-faire-en-mai-a-la-clusaz\/","og_site_name":"La Clusaz","article_publisher":"https:\/\/www.facebook.com\/LaClusaz","article_published_time":"2026-04-15T07:51:42+00:00","article_modified_time":"2026-04-27T12:06:30+00:00","og_image":[{"width":1200,"height":630,"url":"https:\/\/www.laclusaz.com\/app\/uploads\/2023\/03\/La_Clusaz-Share.jpg","type":"image\/jpeg"}],"author":"Lucie Saint Martin","twitter_card":"summary_large_image","twitter_creator":"@LaClusaz","twitter_site":"@LaClusaz","twitter_misc":{"Written by":"Lucie Saint Martin","Est. reading time":"1 minute"},"schema":{"@context":"https:\/\/schema.org","@graph":[{"@type":"Article","@id":"https:\/\/www.laclusaz.com\/nl\/le-mag\/inspirations-nl\/que-faire-en-mai-a-la-clusaz\/#article","isPartOf":{"@id":"https:\/\/www.laclusaz.com\/nl\/le-mag\/inspirations-nl\/que-faire-en-mai-a-la-clusaz\/"},"author":{"name":"Lucie Saint Martin","@id":"https:\/\/www.laclusaz.com\/nl\/#\/schema\/person\/ba40fc89353243da43623e6dacc4129a"},"headline":"Que faire en Mai \u00e0 La Clusaz ?","datePublished":"2026-04-15T07:51:42+00:00","dateModified":"2026-04-27T12:06:30+00:00","mainEntityOfPage":{"@id":"https:\/\/www.laclusaz.com\/nl\/le-mag\/inspirations-nl\/que-faire-en-mai-a-la-clusaz\/"},"wordCount":96,"publisher":{"@id":"https:\/\/www.laclusaz.com\/nl\/#organization"},"articleSection":["Inspirations"],"inLanguage":"nl-NL"},{"@type":"WebPage","@id":"https:\/\/www.laclusaz.com\/nl\/le-mag\/inspirations-nl\/que-faire-en-mai-a-la-clusaz\/","url":"https:\/\/www.laclusaz.com\/nl\/le-mag\/inspirations-nl\/que-faire-en-mai-a-la-clusaz\/","name":"Que faire en Mai \u00e0 La Clusaz ? | La Clusaz","isPartOf":{"@id":"https:\/\/www.laclusaz.com\/nl\/#website"},"datePublished":"2026-04-15T07:51:42+00:00","dateModified":"2026-04-27T12:06:30+00:00","breadcrumb":{"@id":"https:\/\/www.laclusaz.com\/nl\/le-mag\/inspirations-nl\/que-faire-en-mai-a-la-clusaz\/#breadcrumb"},"inLanguage":"nl-NL","potentialAction":[{"@type":"ReadAction","target":["https:\/\/www.laclusaz.com\/nl\/le-mag\/inspirations-nl\/que-faire-en-mai-a-la-clusaz\/"]}]},{"@type":"BreadcrumbList","@id":"https:\/\/www.laclusaz.com\/nl\/le-mag\/inspirations-nl\/que-faire-en-mai-a-la-clusaz\/#breadcrumb","itemListElement":[{"@type":"ListItem","position":1,"name":"Startpagina","item":"https:\/\/www.laclusaz.com\/nl\/"},{"@type":"ListItem","position":2,"name":"Inspirations","item":"https:\/\/www.laclusaz.com\/nl\/le-mag\/categorie\/inspirations-nl\/"},{"@type":"ListItem","position":3,"name":"Que faire en Mai \u00e0 La Clusaz ?"}]},{"@type":"WebSite","@id":"https:\/\/www.laclusaz.com\/nl\/#website","url":"https:\/\/www.laclusaz.com\/nl\/","name":"La Clusaz","description":"","publisher":{"@id":"https:\/\/www.laclusaz.com\/nl\/#organization"},"potentialAction":[{"@type":"SearchAction","target":{"@type":"EntryPoint","urlTemplate":"https:\/\/www.laclusaz.com\/nl\/?s={search_term_string}"},"query-input":{"@type":"PropertyValueSpecification","valueRequired":true,"valueName":"search_term_string"}}],"inLanguage":"nl-NL"},{"@type":"Organization","@id":"https:\/\/www.laclusaz.com\/nl\/#organization","name":"La Clusaz","url":"https:\/\/www.laclusaz.com\/nl\/","logo":{"@type":"ImageObject","inLanguage":"nl-NL","@id":"https:\/\/www.laclusaz.com\/nl\/#\/schema\/logo\/image\/","url":"https:\/\/www.laclusaz.com\/app\/uploads\/2023\/03\/Logo-La-Clusaz-French-Alps-paysage.png","contentUrl":"https:\/\/www.laclusaz.com\/app\/uploads\/2023\/03\/Logo-La-Clusaz-French-Alps-paysage.png","width":1920,"height":1018,"caption":"La Clusaz"},"image":{"@id":"https:\/\/www.laclusaz.com\/nl\/#\/schema\/logo\/image\/"},"sameAs":["https:\/\/www.facebook.com\/LaClusaz","https:\/\/x.com\/LaClusaz","https:\/\/www.instagram.com\/laclusazskiresort\/","https:\/\/www.youtube.com\/channel\/UC0nXO2GDOebkqOvTCx8gtGA","https:\/\/www.tiktok.com\/@la_clusaz"]},{"@type":"Person","@id":"https:\/\/www.laclusaz.com\/nl\/#\/schema\/person\/ba40fc89353243da43623e6dacc4129a","name":"Lucie Saint Martin","image":{"@type":"ImageObject","inLanguage":"nl-NL","@id":"https:\/\/www.laclusaz.com\/nl\/#\/schema\/person\/image\/","url":"https:\/\/secure.gravatar.com\/avatar\/48dc866697db9bcca0b922cc5407b5bd268e48c04cfaa20ca0444a44d5827f5d?s=96&d=mm&r=g","contentUrl":"https:\/\/secure.gravatar.com\/avatar\/48dc866697db9bcca0b922cc5407b5bd268e48c04cfaa20ca0444a44d5827f5d?s=96&d=mm&r=g","caption":"Lucie Saint Martin"}}]}},"_links":{"self":[{"href":"https:\/\/www.laclusaz.com\/nl\/wp-json\/wp\/v2\/posts\/430108","targetHints":{"allow":["GET"]}}],"collection":[{"href":"https:\/\/www.laclusaz.com\/nl\/wp-json\/wp\/v2\/posts"}],"about":[{"href":"https:\/\/www.laclusaz.com\/nl\/wp-json\/wp\/v2\/types\/post"}],"author":[{"embeddable":true,"href":"https:\/\/www.laclusaz.com\/nl\/wp-json\/wp\/v2\/users\/2"}],"replies":[{"embeddable":true,"href":"https:\/\/www.laclusaz.com\/nl\/wp-json\/wp\/v2\/comments?post=430108"}],"version-history":[{"count":1,"href":"https:\/\/www.laclusaz.com\/nl\/wp-json\/wp\/v2\/posts\/430108\/revisions"}],"predecessor-version":[{"id":430109,"href":"https:\/\/www.laclusaz.com\/nl\/wp-json\/wp\/v2\/posts\/430108\/revisions\/430109"}],"wp:attachment":[{"href":"https:\/\/www.laclusaz.com\/nl\/wp-json\/wp\/v2\/media?parent=430108"}],"wp:term":[{"taxonomy":"category","embeddable":true,"href":"https:\/\/www.laclusaz.com\/nl\/wp-json\/wp\/v2\/categories?post=430108"},{"taxonomy":"post_tag","embeddable":true,"href":"https:\/\/www.laclusaz.com\/nl\/wp-json\/wp\/v2\/tags?post=430108"}],"curies":[{"name":"wp","href":"https:\/\/api.w.org\/{rel}","templated":true}]}}