{"id":230395,"date":"2023-11-30T10:25:35","date_gmt":"2023-11-30T09:25:35","guid":{"rendered":"https:\/\/www.laclusaz.com\/le-mag\/geen-onderdeel-van-een-categorie\/s3-ep01-garance-meyer-hugo-desgrippes-et-leo-anguenot\/"},"modified":"2023-11-30T10:25:35","modified_gmt":"2023-11-30T09:25:35","slug":"s3-ep01-garance-meyer-hugo-desgrippes-et-leo-anguenot","status":"publish","type":"post","link":"https:\/\/www.laclusaz.com\/nl\/le-mag\/chavefm-nl\/s3-ep01-garance-meyer-hugo-desgrippes-et-leo-anguenot\/","title":{"rendered":"S3 EP01 \u2013 Garance Meyer, Hugo Desgrippes et L\u00e9o Anguenot"},"content":{"rendered":"<p class=\"Type__TypeElement-sc-goli3j-0 gfMYqC\" data-slate-node=\"element\" data-encore-id=\"type\"><span data-slate-node=\"text\"><span class=\"sc-cTTdyq dgjojm\" data-slate-leaf=\"true\">C&#8217;est reparti pour une nouvelle de saison de podcasts made in La Clusaz. \u00c0 la veille de l&#8217;ouverture des pistes, nous sommes all\u00e9s \u00e0 la rencontre de nos champions de ski alpin : Garance Meyer, Hugo Desgrippes et L\u00e9o Anguenot. Tous les 3 en \u00e9quipe de France, ils nous d\u00e9voilent les coulisses du haut-niveau. <\/span><\/span><\/p>\n<p class=\"Type__TypeElement-sc-goli3j-0 gfMYqC\" data-slate-node=\"element\" data-encore-id=\"type\" data-slate-fragment=\"JTVCJTdCJTIydHlwZSUyMiUzQSUyMnBhcmFncmFwaCUyMiUyQyUyMmNoaWxkcmVuJTIyJTNBJTVCJTdCJTIydGV4dCUyMiUzQSUyMiVDMyU4MCUyMGxhJTIwdmVpbGxlJTIwZGUlMjBsJ291dmVydHVyZSUyMGRlcyUyMHBpc3RlcyUyQyUyMG5vdXMlMjBzb21tZXMlMjBhbGwlQzMlQTlzJTIwJUMzJUEwJTIwbGElMjByZW5jb250cmUlMjBkZSUyMG5vcyUyMGNoYW1waW9ucyUyMGRlJTIwc2tpJTIwYWxwaW4lMjAlM0ElMjBHYXJhbmNlJTIwTWV5ZXIlMkMlMjBIdWdvJTIwRGVzZ3JpcHBlcyUyMGV0JTIwTCVDMyVBOW8lMjBBbmd1ZW5vdC4lMjBUb3VzJTIwbGVzJTIwMyUyMGVuJTIwJUMzJUE5cXVpcGUlMjBkZSUyMEZyYW5jZSUyQyUyMGlscyUyMG5vdXMlMjBkJUMzJUE5dm9pbGVudCUyMGxlcyUyMGNvdWxpc3NlcyUyMGR1JTIwaGF1dC1uaXZlYXUuJTIwJTIyJTdEJTVEJTdEJTJDJTdCJTIydHlwZSUyMiUzQSUyMnBhcmFncmFwaCUyMiUyQyUyMmNoaWxkcmVuJTIyJTNBJTVCJTdCJTIydGV4dCUyMiUzQSUyMiUyMiU3RCU1RCU3RCUyQyU3QiUyMnR5cGUlMjIlM0ElMjJwYXJhZ3JhcGglMjIlMkMlMjJjaGlsZHJlbiUyMiUzQSU1QiU3QiUyMnRleHQlMjIlM0ElMjJDJ2VzdCUyMHJlcGFydGklMjBwb3VyJTIwdW5lJTIwbm91dmVsbGUlMjBkZSUyMHNhaXNvbiUyMGRlJTIwcG9kY2FzdHMlMjBtYWRlJTIwaW4lMjBMYSUyMENsdXNhei4lMjBCb25uZSUyMCVDMyVBOWNvdXRlJTIwISUyMiU3RCU1RCU3RCU1RA==\"><span data-slate-node=\"text\"><span class=\"sc-cTTdyq dgjojm\" data-slate-leaf=\"true\">Bonne \u00e9coute !<\/span><\/span><\/p>\n<p style=\"text-align: center;\"><iframe loading=\"lazy\" style=\"border-radius: 12px;\" src=\"https:\/\/open.spotify.com\/embed\/episode\/38ixMXG9Wg7lloQJAv8EWy?utm_source=generator&amp;theme=0\" width=\"100%\" height=\"152\" frameborder=\"0\" allowfullscreen=\"allowfullscreen\"><\/iframe><\/p>\n","protected":false},"excerpt":{"rendered":"<span class=\"excerpt-link\">Lire plus<\/span>","protected":false},"author":7,"featured_media":0,"comment_status":"closed","ping_status":"closed","sticky":false,"template":"","format":"standard","meta":{"_acf_changed":false,"inline_featured_image":false,"footnotes":""},"categories":[1727],"tags":[],"class_list":["post-230395","post","type-post","status-publish","format-standard","hentry","category-chavefm-nl"],"acf":{"page_blocks":[{"acf_fc_layout":"cards-explore","explore_block_title":"Plus de Chave FM ?","explore_bg_color":"white","explore_list":[{"explore_type":"image","explore_tag":"Explore","explore_content_type":"post","explore_post":215193,"explore_title":"","explore_excerpt":"","explore_image":false,"explore_link":"","explore_video":{"explore_video_link":"","explore_video_thumbnail":false}},{"explore_type":"image","explore_tag":"Explore","explore_content_type":"post","explore_post":211355,"explore_title":"","explore_excerpt":"","explore_image":false,"explore_link":"","explore_video":{"explore_video_link":"","explore_video_thumbnail":false}},{"explore_type":"image","explore_tag":"Explore","explore_content_type":"post","explore_post":208077,"explore_title":"","explore_excerpt":"","explore_image":false,"explore_link":"","explore_video":{"explore_video_link":"","explore_video_thumbnail":false}},{"explore_type":"image","explore_tag":"Explore","explore_content_type":"post","explore_post":202783,"explore_title":"","explore_excerpt":"","explore_image":false,"explore_link":"","explore_video":{"explore_video_link":"","explore_video_thumbnail":false}},{"explore_type":"image","explore_tag":"Explore","explore_content_type":"post","explore_post":200196,"explore_title":"","explore_excerpt":"","explore_image":false,"explore_link":"","explore_video":{"explore_video_link":"","explore_video_thumbnail":false}}]}]},"yoast_head":"<!-- This site is optimized with the Yoast SEO plugin v26.5 - https:\/\/yoast.com\/wordpress\/plugins\/seo\/ -->\n<title>S3 EP01 \u2013 Garance Meyer, Hugo Desgrippes et L\u00e9o Anguenot | La Clusaz<\/title>\n<meta name=\"robots\" content=\"index, follow, max-snippet:-1, max-image-preview:large, max-video-preview:-1\" \/>\n<link rel=\"canonical\" href=\"https:\/\/www.laclusaz.com\/nl\/le-mag\/chavefm-nl\/s3-ep01-garance-meyer-hugo-desgrippes-et-leo-anguenot\/\" \/>\n<meta property=\"og:locale\" content=\"nl_NL\" \/>\n<meta property=\"og:type\" content=\"article\" \/>\n<meta property=\"og:title\" content=\"S3 EP01 \u2013 Garance Meyer, Hugo Desgrippes et L\u00e9o Anguenot | La Clusaz\" \/>\n<meta property=\"og:description\" content=\"C&#8217;est reparti pour une nouvelle de saison de podcasts made in La Clusaz. \u00c0 la veille de l&#8217;ouverture des pistes, nous sommes all\u00e9s \u00e0 la rencontre de nos champions de ski [&hellip;]\" \/>\n<meta property=\"og:url\" content=\"https:\/\/www.laclusaz.com\/nl\/le-mag\/chavefm-nl\/s3-ep01-garance-meyer-hugo-desgrippes-et-leo-anguenot\/\" \/>\n<meta property=\"og:site_name\" content=\"La Clusaz\" \/>\n<meta property=\"article:publisher\" content=\"https:\/\/www.facebook.com\/LaClusaz\" \/>\n<meta property=\"article:published_time\" content=\"2023-11-30T09:25:35+00:00\" \/>\n<meta property=\"og:image\" content=\"https:\/\/www.laclusaz.com\/app\/uploads\/2023\/03\/La_Clusaz-Share.jpg\" \/>\n\t<meta property=\"og:image:width\" content=\"1200\" \/>\n\t<meta property=\"og:image:height\" content=\"630\" \/>\n\t<meta property=\"og:image:type\" content=\"image\/jpeg\" \/>\n<meta name=\"author\" content=\"Pierrick\" \/>\n<meta name=\"twitter:card\" content=\"summary_large_image\" \/>\n<meta name=\"twitter:creator\" content=\"@LaClusaz\" \/>\n<meta name=\"twitter:site\" content=\"@LaClusaz\" \/>\n<meta name=\"twitter:label1\" content=\"Written by\" \/>\n\t<meta name=\"twitter:data1\" content=\"Pierrick\" \/>\n<script type=\"application\/ld+json\" class=\"yoast-schema-graph\">{\"@context\":\"https:\/\/schema.org\",\"@graph\":[{\"@type\":\"Article\",\"@id\":\"https:\/\/www.laclusaz.com\/nl\/le-mag\/chavefm-nl\/s3-ep01-garance-meyer-hugo-desgrippes-et-leo-anguenot\/#article\",\"isPartOf\":{\"@id\":\"https:\/\/www.laclusaz.com\/nl\/le-mag\/chavefm-nl\/s3-ep01-garance-meyer-hugo-desgrippes-et-leo-anguenot\/\"},\"author\":{\"name\":\"Pierrick\",\"@id\":\"https:\/\/www.laclusaz.com\/nl\/#\/schema\/person\/00355f198e0ba702643aef59dedd8153\"},\"headline\":\"S3 EP01 \u2013 Garance Meyer, Hugo Desgrippes et L\u00e9o Anguenot\",\"datePublished\":\"2023-11-30T09:25:35+00:00\",\"mainEntityOfPage\":{\"@id\":\"https:\/\/www.laclusaz.com\/nl\/le-mag\/chavefm-nl\/s3-ep01-garance-meyer-hugo-desgrippes-et-leo-anguenot\/\"},\"wordCount\":67,\"publisher\":{\"@id\":\"https:\/\/www.laclusaz.com\/nl\/#organization\"},\"articleSection\":[\"Chave FM\"],\"inLanguage\":\"nl-NL\"},{\"@type\":\"WebPage\",\"@id\":\"https:\/\/www.laclusaz.com\/nl\/le-mag\/chavefm-nl\/s3-ep01-garance-meyer-hugo-desgrippes-et-leo-anguenot\/\",\"url\":\"https:\/\/www.laclusaz.com\/nl\/le-mag\/chavefm-nl\/s3-ep01-garance-meyer-hugo-desgrippes-et-leo-anguenot\/\",\"name\":\"S3 EP01 \u2013 Garance Meyer, Hugo Desgrippes et L\u00e9o Anguenot | La Clusaz\",\"isPartOf\":{\"@id\":\"https:\/\/www.laclusaz.com\/nl\/#website\"},\"datePublished\":\"2023-11-30T09:25:35+00:00\",\"breadcrumb\":{\"@id\":\"https:\/\/www.laclusaz.com\/nl\/le-mag\/chavefm-nl\/s3-ep01-garance-meyer-hugo-desgrippes-et-leo-anguenot\/#breadcrumb\"},\"inLanguage\":\"nl-NL\",\"potentialAction\":[{\"@type\":\"ReadAction\",\"target\":[\"https:\/\/www.laclusaz.com\/nl\/le-mag\/chavefm-nl\/s3-ep01-garance-meyer-hugo-desgrippes-et-leo-anguenot\/\"]}]},{\"@type\":\"BreadcrumbList\",\"@id\":\"https:\/\/www.laclusaz.com\/nl\/le-mag\/chavefm-nl\/s3-ep01-garance-meyer-hugo-desgrippes-et-leo-anguenot\/#breadcrumb\",\"itemListElement\":[{\"@type\":\"ListItem\",\"position\":1,\"name\":\"Startpagina\",\"item\":\"https:\/\/www.laclusaz.com\/nl\/\"},{\"@type\":\"ListItem\",\"position\":2,\"name\":\"Geen onderdeel van een categorie\",\"item\":\"https:\/\/www.laclusaz.com\/nl\/le-mag\/categorie\/geen-onderdeel-van-een-categorie\/\"},{\"@type\":\"ListItem\",\"position\":3,\"name\":\"S3 EP01 \u2013 Garance Meyer, Hugo Desgrippes et L\u00e9o Anguenot\"}]},{\"@type\":\"WebSite\",\"@id\":\"https:\/\/www.laclusaz.com\/nl\/#website\",\"url\":\"https:\/\/www.laclusaz.com\/nl\/\",\"name\":\"La Clusaz\",\"description\":\"\",\"publisher\":{\"@id\":\"https:\/\/www.laclusaz.com\/nl\/#organization\"},\"potentialAction\":[{\"@type\":\"SearchAction\",\"target\":{\"@type\":\"EntryPoint\",\"urlTemplate\":\"https:\/\/www.laclusaz.com\/nl\/?s={search_term_string}\"},\"query-input\":{\"@type\":\"PropertyValueSpecification\",\"valueRequired\":true,\"valueName\":\"search_term_string\"}}],\"inLanguage\":\"nl-NL\"},{\"@type\":\"Organization\",\"@id\":\"https:\/\/www.laclusaz.com\/nl\/#organization\",\"name\":\"La Clusaz\",\"url\":\"https:\/\/www.laclusaz.com\/nl\/\",\"logo\":{\"@type\":\"ImageObject\",\"inLanguage\":\"nl-NL\",\"@id\":\"https:\/\/www.laclusaz.com\/nl\/#\/schema\/logo\/image\/\",\"url\":\"https:\/\/www.laclusaz.com\/app\/uploads\/2023\/03\/Logo-La-Clusaz-French-Alps-paysage.png\",\"contentUrl\":\"https:\/\/www.laclusaz.com\/app\/uploads\/2023\/03\/Logo-La-Clusaz-French-Alps-paysage.png\",\"width\":1920,\"height\":1018,\"caption\":\"La Clusaz\"},\"image\":{\"@id\":\"https:\/\/www.laclusaz.com\/nl\/#\/schema\/logo\/image\/\"},\"sameAs\":[\"https:\/\/www.facebook.com\/LaClusaz\",\"https:\/\/x.com\/LaClusaz\",\"https:\/\/www.instagram.com\/laclusazskiresort\/\",\"https:\/\/www.youtube.com\/channel\/UC0nXO2GDOebkqOvTCx8gtGA\",\"https:\/\/www.tiktok.com\/@la_clusaz\"]},{\"@type\":\"Person\",\"@id\":\"https:\/\/www.laclusaz.com\/nl\/#\/schema\/person\/00355f198e0ba702643aef59dedd8153\",\"name\":\"Pierrick\",\"image\":{\"@type\":\"ImageObject\",\"inLanguage\":\"nl-NL\",\"@id\":\"https:\/\/www.laclusaz.com\/nl\/#\/schema\/person\/image\/\",\"url\":\"https:\/\/secure.gravatar.com\/avatar\/b438c06bb84c85e3b4c618e2f20f3ed785c942ddd694d69ef9e3a4b4f625d8d9?s=96&d=mm&r=g\",\"contentUrl\":\"https:\/\/secure.gravatar.com\/avatar\/b438c06bb84c85e3b4c618e2f20f3ed785c942ddd694d69ef9e3a4b4f625d8d9?s=96&d=mm&r=g\",\"caption\":\"Pierrick\"}}]}<\/script>\n<!-- \/ Yoast SEO plugin. -->","yoast_head_json":{"title":"S3 EP01 \u2013 Garance Meyer, Hugo Desgrippes et L\u00e9o Anguenot | La Clusaz","robots":{"index":"index","follow":"follow","max-snippet":"max-snippet:-1","max-image-preview":"max-image-preview:large","max-video-preview":"max-video-preview:-1"},"canonical":"https:\/\/www.laclusaz.com\/nl\/le-mag\/chavefm-nl\/s3-ep01-garance-meyer-hugo-desgrippes-et-leo-anguenot\/","og_locale":"nl_NL","og_type":"article","og_title":"S3 EP01 \u2013 Garance Meyer, Hugo Desgrippes et L\u00e9o Anguenot | La Clusaz","og_description":"C&#8217;est reparti pour une nouvelle de saison de podcasts made in La Clusaz. \u00c0 la veille de l&#8217;ouverture des pistes, nous sommes all\u00e9s \u00e0 la rencontre de nos champions de ski [&hellip;]","og_url":"https:\/\/www.laclusaz.com\/nl\/le-mag\/chavefm-nl\/s3-ep01-garance-meyer-hugo-desgrippes-et-leo-anguenot\/","og_site_name":"La Clusaz","article_publisher":"https:\/\/www.facebook.com\/LaClusaz","article_published_time":"2023-11-30T09:25:35+00:00","og_image":[{"width":1200,"height":630,"url":"https:\/\/www.laclusaz.com\/app\/uploads\/2023\/03\/La_Clusaz-Share.jpg","type":"image\/jpeg"}],"author":"Pierrick","twitter_card":"summary_large_image","twitter_creator":"@LaClusaz","twitter_site":"@LaClusaz","twitter_misc":{"Written by":"Pierrick"},"schema":{"@context":"https:\/\/schema.org","@graph":[{"@type":"Article","@id":"https:\/\/www.laclusaz.com\/nl\/le-mag\/chavefm-nl\/s3-ep01-garance-meyer-hugo-desgrippes-et-leo-anguenot\/#article","isPartOf":{"@id":"https:\/\/www.laclusaz.com\/nl\/le-mag\/chavefm-nl\/s3-ep01-garance-meyer-hugo-desgrippes-et-leo-anguenot\/"},"author":{"name":"Pierrick","@id":"https:\/\/www.laclusaz.com\/nl\/#\/schema\/person\/00355f198e0ba702643aef59dedd8153"},"headline":"S3 EP01 \u2013 Garance Meyer, Hugo Desgrippes et L\u00e9o Anguenot","datePublished":"2023-11-30T09:25:35+00:00","mainEntityOfPage":{"@id":"https:\/\/www.laclusaz.com\/nl\/le-mag\/chavefm-nl\/s3-ep01-garance-meyer-hugo-desgrippes-et-leo-anguenot\/"},"wordCount":67,"publisher":{"@id":"https:\/\/www.laclusaz.com\/nl\/#organization"},"articleSection":["Chave FM"],"inLanguage":"nl-NL"},{"@type":"WebPage","@id":"https:\/\/www.laclusaz.com\/nl\/le-mag\/chavefm-nl\/s3-ep01-garance-meyer-hugo-desgrippes-et-leo-anguenot\/","url":"https:\/\/www.laclusaz.com\/nl\/le-mag\/chavefm-nl\/s3-ep01-garance-meyer-hugo-desgrippes-et-leo-anguenot\/","name":"S3 EP01 \u2013 Garance Meyer, Hugo Desgrippes et L\u00e9o Anguenot | La Clusaz","isPartOf":{"@id":"https:\/\/www.laclusaz.com\/nl\/#website"},"datePublished":"2023-11-30T09:25:35+00:00","breadcrumb":{"@id":"https:\/\/www.laclusaz.com\/nl\/le-mag\/chavefm-nl\/s3-ep01-garance-meyer-hugo-desgrippes-et-leo-anguenot\/#breadcrumb"},"inLanguage":"nl-NL","potentialAction":[{"@type":"ReadAction","target":["https:\/\/www.laclusaz.com\/nl\/le-mag\/chavefm-nl\/s3-ep01-garance-meyer-hugo-desgrippes-et-leo-anguenot\/"]}]},{"@type":"BreadcrumbList","@id":"https:\/\/www.laclusaz.com\/nl\/le-mag\/chavefm-nl\/s3-ep01-garance-meyer-hugo-desgrippes-et-leo-anguenot\/#breadcrumb","itemListElement":[{"@type":"ListItem","position":1,"name":"Startpagina","item":"https:\/\/www.laclusaz.com\/nl\/"},{"@type":"ListItem","position":2,"name":"Geen onderdeel van een categorie","item":"https:\/\/www.laclusaz.com\/nl\/le-mag\/categorie\/geen-onderdeel-van-een-categorie\/"},{"@type":"ListItem","position":3,"name":"S3 EP01 \u2013 Garance Meyer, Hugo Desgrippes et L\u00e9o Anguenot"}]},{"@type":"WebSite","@id":"https:\/\/www.laclusaz.com\/nl\/#website","url":"https:\/\/www.laclusaz.com\/nl\/","name":"La Clusaz","description":"","publisher":{"@id":"https:\/\/www.laclusaz.com\/nl\/#organization"},"potentialAction":[{"@type":"SearchAction","target":{"@type":"EntryPoint","urlTemplate":"https:\/\/www.laclusaz.com\/nl\/?s={search_term_string}"},"query-input":{"@type":"PropertyValueSpecification","valueRequired":true,"valueName":"search_term_string"}}],"inLanguage":"nl-NL"},{"@type":"Organization","@id":"https:\/\/www.laclusaz.com\/nl\/#organization","name":"La Clusaz","url":"https:\/\/www.laclusaz.com\/nl\/","logo":{"@type":"ImageObject","inLanguage":"nl-NL","@id":"https:\/\/www.laclusaz.com\/nl\/#\/schema\/logo\/image\/","url":"https:\/\/www.laclusaz.com\/app\/uploads\/2023\/03\/Logo-La-Clusaz-French-Alps-paysage.png","contentUrl":"https:\/\/www.laclusaz.com\/app\/uploads\/2023\/03\/Logo-La-Clusaz-French-Alps-paysage.png","width":1920,"height":1018,"caption":"La Clusaz"},"image":{"@id":"https:\/\/www.laclusaz.com\/nl\/#\/schema\/logo\/image\/"},"sameAs":["https:\/\/www.facebook.com\/LaClusaz","https:\/\/x.com\/LaClusaz","https:\/\/www.instagram.com\/laclusazskiresort\/","https:\/\/www.youtube.com\/channel\/UC0nXO2GDOebkqOvTCx8gtGA","https:\/\/www.tiktok.com\/@la_clusaz"]},{"@type":"Person","@id":"https:\/\/www.laclusaz.com\/nl\/#\/schema\/person\/00355f198e0ba702643aef59dedd8153","name":"Pierrick","image":{"@type":"ImageObject","inLanguage":"nl-NL","@id":"https:\/\/www.laclusaz.com\/nl\/#\/schema\/person\/image\/","url":"https:\/\/secure.gravatar.com\/avatar\/b438c06bb84c85e3b4c618e2f20f3ed785c942ddd694d69ef9e3a4b4f625d8d9?s=96&d=mm&r=g","contentUrl":"https:\/\/secure.gravatar.com\/avatar\/b438c06bb84c85e3b4c618e2f20f3ed785c942ddd694d69ef9e3a4b4f625d8d9?s=96&d=mm&r=g","caption":"Pierrick"}}]}},"_links":{"self":[{"href":"https:\/\/www.laclusaz.com\/nl\/wp-json\/wp\/v2\/posts\/230395","targetHints":{"allow":["GET"]}}],"collection":[{"href":"https:\/\/www.laclusaz.com\/nl\/wp-json\/wp\/v2\/posts"}],"about":[{"href":"https:\/\/www.laclusaz.com\/nl\/wp-json\/wp\/v2\/types\/post"}],"author":[{"embeddable":true,"href":"https:\/\/www.laclusaz.com\/nl\/wp-json\/wp\/v2\/users\/7"}],"replies":[{"embeddable":true,"href":"https:\/\/www.laclusaz.com\/nl\/wp-json\/wp\/v2\/comments?post=230395"}],"version-history":[{"count":1,"href":"https:\/\/www.laclusaz.com\/nl\/wp-json\/wp\/v2\/posts\/230395\/revisions"}],"predecessor-version":[{"id":230397,"href":"https:\/\/www.laclusaz.com\/nl\/wp-json\/wp\/v2\/posts\/230395\/revisions\/230397"}],"wp:attachment":[{"href":"https:\/\/www.laclusaz.com\/nl\/wp-json\/wp\/v2\/media?parent=230395"}],"wp:term":[{"taxonomy":"category","embeddable":true,"href":"https:\/\/www.laclusaz.com\/nl\/wp-json\/wp\/v2\/categories?post=230395"},{"taxonomy":"post_tag","embeddable":true,"href":"https:\/\/www.laclusaz.com\/nl\/wp-json\/wp\/v2\/tags?post=230395"}],"curies":[{"name":"wp","href":"https:\/\/api.w.org\/{rel}","templated":true}]}}