{"id":198188,"date":"2026-04-15T09:51:42","date_gmt":"2026-04-15T07:51:42","guid":{"rendered":"https:\/\/www.laclusaz.com\/le-mag\/uncategorized\/que-faire-en-mai-a-la-clusaz\/"},"modified":"2026-04-27T16:31:50","modified_gmt":"2026-04-27T14:31:50","slug":"que-faire-en-mai-a-la-clusaz","status":"publish","type":"post","link":"https:\/\/www.laclusaz.com\/en\/le-mag\/inspirations-en\/que-faire-en-mai-a-la-clusaz\/","title":{"rendered":"Que faire en Mai \u00e0 La Clusaz ?"},"content":{"rendered":"<h5><strong>27 April to 31 May 2026<\/strong><\/h5>\n<p>May is a fairly quiet time here in the mountains, so why not come and enjoy some fresh air to recharge your batteries! Explore the pastures, discover the history of our resort and sample our local produce. A complete change of scenery guaranteed.<\/p>\n<p>We\u2019ve put together a non-exhaustive list of things to do in La Clusaz below. There\u2019s something for everyone, whatever your tastes and interests, for young and old alike!<\/p>\n","protected":false},"excerpt":{"rendered":"<span class=\"excerpt-link\">Lire plus<\/span>","protected":false},"author":2,"featured_media":175245,"comment_status":"closed","ping_status":"closed","sticky":false,"template":"","format":"standard","meta":{"_acf_changed":false,"inline_featured_image":false,"footnotes":""},"categories":[1653],"tags":[],"class_list":["post-198188","post","type-post","status-publish","format-standard","has-post-thumbnail","hentry","category-inspirations-en"],"acf":{"page_blocks":[{"acf_fc_layout":"one-col-content","contenu_1_colonne":"<p>The information below was gathered from partners and tourist attractions on a specific date.<br \/>\nThe Tourist Office cannot be held responsible for any changes and advises you to contact the service providers or attractions directly for final confirmation.<\/p>\n<p>Updated on 27 April 2026<\/p>\n<p><img loading=\"lazy\" decoding=\"async\" class=\"aligncenter size-full wp-image-325094\" src=\"https:\/\/www.laclusaz.com\/app\/uploads\/2023\/04\/Hameau-des-Alpes-scaled.jpg\" alt=\"\" width=\"2560\" height=\"1073\" srcset=\"https:\/\/www.laclusaz.com\/app\/uploads\/2023\/04\/Hameau-des-Alpes-scaled.jpg 2560w, https:\/\/www.laclusaz.com\/app\/uploads\/2023\/04\/Hameau-des-Alpes-300x126.jpg 300w, https:\/\/www.laclusaz.com\/app\/uploads\/2023\/04\/Hameau-des-Alpes-1024x429.jpg 1024w, https:\/\/www.laclusaz.com\/app\/uploads\/2023\/04\/Hameau-des-Alpes-768x322.jpg 768w, https:\/\/www.laclusaz.com\/app\/uploads\/2023\/04\/Hameau-des-Alpes-1536x644.jpg 1536w, https:\/\/www.laclusaz.com\/app\/uploads\/2023\/04\/Hameau-des-Alpes-2048x858.jpg 2048w, https:\/\/www.laclusaz.com\/app\/uploads\/2023\/04\/Hameau-des-Alpes-130x54.jpg 130w\" sizes=\"auto, (max-width: 2560px) 100vw, 2560px\" \/><\/p>\n<h2 style=\"text-align: center;\">cultural activities &amp; entertainment<\/h2>\n"},{"acf_fc_layout":"one-col-content","contenu_1_colonne":"<h3>PRACTICAL INFORMATION:<\/h3>\n<h4><span class=\"green-under\">Tourist Office Opening Hours<\/span><\/h4>\n<p>27 April to 30 April: open on Mondays and Thursdays from 9am to 12pm and from 2pm to 6pm; open on Tuesdays from 9am to 10am and from 2pm to 6pm; and open on Wednesdays from 2pm to 6pm.<br \/>\n1\u201310 May 2026: seasonal closure to the public. Emails will, however, be dealt with from Monday to Thursday.<br \/>\n11\u201323 May 2026: open Monday to Saturday from 9am to 12pm and from 2pm to 5pm. Closed on Sundays and public holidays.<br \/>\n24\u201331 May 2026: seasonal closure to the public. Emails will, however, be dealt with from Tuesday to Friday.<\/p>\n"},{"acf_fc_layout":"two-col-content","contenu_gauche":{"type_de_contenu_gauche":"texte","contenu_texte_gauche":"<p><b>SWIMMING POOL<\/b><\/p>\n<p>\ud83d\udcc5Open until 3 May: Monday, Tuesday, Thursday, Friday and Saturday from 12 noon to 7 pm, Wednesday from 10 am to 8 pm and Sunday from 10 am to 7 pm.<br \/>\nFrom 14 May to 31 May: weekends and bank holidays only, from 10am to 7pm.<br \/>\n\ud83d\udcde 04 50 02 43 01<\/p>\n<p><a class=\"button-arrow\" href=\"https:\/\/www.laclusaz.org\/contacts\/espace-aquatique-la-clusaz-aravis\/\" target=\"_blank\" rel=\"noopener\">MORE INFOrmation<\/a><\/p>\n<h3><\/h3>\n<h3>Ice rink<\/h3>\n<p>\ud83d\udcc5Ouverte jusqu&#8217;au 30 avril : mardi de 10h \u00e0 12h et de 14h \u00e0 18h, mercredi et jeudi de 14h \u00e0 18h.<br \/>\n\ud83d\udcde 04 50 02 48 45<\/p>\n<p><a class=\"button-arrow\" href=\"https:\/\/www.laclusaz.org\/contacts\/patinoire-de-la-clusaz\/\" target=\"_blank\" rel=\"noopener\">MORE INFOrmation<\/a><\/p>\n<p>&nbsp;<\/p>\n<h3><\/h3>\n<h3><strong>Le Hameau des Alpes\u00a0<\/strong><\/h3>\n<p>A fun, modern museum space exploring the themes of Reblochon cheese, the history of the resort and the evolution of skiing, set within a heritage site comprising a traditional chalet, old granaries, a communal oven and a former sawmill.<br \/>\nBooking required.<br \/>\n\ud83d\udcc5Monday 27 and Tuesday 28 April: 2pm to 6pm.<br \/>\nThursday 30 April: 10am to 12pm and 2pm to 6pm.<br \/>\nClosed from 1 to 14 May.<br \/>\nFrom Friday 15 May to Sunday 30 May: Wednesday, Friday, Saturday and Sunday from 2pm to 6.30pm.<br \/>\n\ud83d\udcde 04 50 66 94 34<\/p>\n<p><a class=\"button-arrow\" href=\"https:\/\/www.laclusaz.com\/en\/booking\/opis\" target=\"_blank\" rel=\"noopener\">INFORMATION AND BOOKINGS<\/a><\/p>\n<h3><strong>Le Hameau DES PETITS<\/strong><\/h3>\n<p>Le Hameau des Alpes offers an activity designed especially for young children: Le Hameau des Petits!<br \/>\nTwice a week, sessions are specially designed for children aged 18 months to 8 years, allowing them to explore nature and local heritage through games and hands-on activities. By playing, touching, experimenting\u2026 in short, by having a right good time.<br \/>\nCapacity limited to 25 people, so that everyone can make the most of the experience. Booking essential.<br \/>\n\ud83d\udcc5Wednesday 29 April: 2 sessions of 1\u00bd hours, 2pm and 4pm<br \/>\nFrom 16 May: Wednesdays and Saturdays from 10am to 11.30am<br \/>\n\ud83d\udcde04 50 66 94 34<\/p>\n<p><a class=\"button-arrow\" href=\"https:\/\/www.laclusaz.com\/reservation\/experiences\/FRA\/13fe4da3-6e68-4ed8-aaec-666d53bb2587\/billet-d-entree---hameau-des-petits\" target=\"_blank\" rel=\"noopener\">INFORMATION AND ONLINE BOOKING<\/a><\/p>\n","contenu_image_gauche":false,"caption":""},"contenu_droite":{"type_de_contenu_droite":"texte","contenu_image_droite":false,"caption":"","contenu_texte_droite":"<h3><strong>LA LUGE DES BOIS <\/strong><\/h3>\n<p>A fun, safe and thrilling ride down a track. Designed for all ages, this intergenerational experience invites you to discover the mountains in a whole new way,<br \/>\n\ud83d\udcc5From 14 May to 17 May and from 23 May to 25 May, 10am to 5.30pm.<br \/>\n\ud83d\udcde04 50 02 45 64<\/p>\n<p><a class=\"button-arrow\" href=\"https:\/\/forfait.laclusaz.com\/en\/luge-des-bois\" target=\"_blank\" rel=\"noopener\">INFORMATION AND BOOKINGS<\/a><\/p>\n<h3><\/h3>\n<h3><strong>Distillerie des Aravis<\/strong><\/h3>\n<p>\ud83d\udcc5 Tuesday to Saturday, 10 am to 12 pm and 2 pm to 6 pm. Closed on public holidays.<br \/>\nGuided tours by appointment from Thursday to Saturday.<br \/>\n\ud83d\udcde 04 50 02 63 80<\/p>\n<p><a class=\"button-arrow\" href=\"https:\/\/distilleriearavis.fr\/\" target=\"_blank\" rel=\"noopener\">MORE INFOrmation<\/a><\/p>\n<p>&nbsp;<\/p>\n<h3><strong>Bridge Club<\/strong><\/h3>\n<p>\ud83d\udcc5 Tournaments every Monday and Thursday at 4.30 pm at the Salle Edelweiss (15 Route de l\u2019Etale, 3rd floor)<br \/>\nPlease turn up directly at the venue.<br \/>\n\ud83d\udcde 06 66 42 24 88<\/p>\n<p><strong>LIBRARY<\/strong><\/p>\n<p>\ud83d\udcc5 Mondays from 10am to 12pm, Wednesdays and Saturdays from 5pm to 7pm.<br \/>\n\ud83d\udcde 04 50 02 41 01<\/p>\n<p><a class=\"button-arrow\" href=\"https:\/\/www.laclusaz.com\/en\/details\/library\/\" target=\"_blank\" rel=\"noopener\">MORE INFOrmation<\/a><\/p>\n<p>&nbsp;<\/p>\n<p><strong>BOWLING<\/strong><\/p>\n<p>\ud83d\udcc5 Open daily from 4pm to 1am.<br \/>\nBookings can only be made by phone or text message, specifying the desired date and time, the number of players and the number of games.<br \/>\n\ud83d\udcde 07 83 03 52 56<\/p>\n<p><a class=\"button-arrow\" href=\"https:\/\/www.laclusaz.com\/en\/details\/bowling\/\" target=\"_blank\" rel=\"noopener\">MORE INFOrmation<\/a><\/p>\n<p>&nbsp;<\/p>\n"}},{"acf_fc_layout":"one-col-content","contenu_1_colonne":"<h3><img loading=\"lazy\" decoding=\"async\" class=\"wp-image-224943 size-full aligncenter\" src=\"https:\/\/www.laclusaz.com\/app\/uploads\/2023\/04\/023-25102020-2020_IAM_CYCLOSPORTIFS_COL-ARPETTE\u00a9Tristan-Shu-Annecy-Mountains-scaled-1-e1744798105367.jpg\" alt=\"\" width=\"1536\" height=\"765\" srcset=\"https:\/\/www.laclusaz.com\/app\/uploads\/2023\/04\/023-25102020-2020_IAM_CYCLOSPORTIFS_COL-ARPETTE\u00a9Tristan-Shu-Annecy-Mountains-scaled-1-e1744798105367.jpg 1536w, https:\/\/www.laclusaz.com\/app\/uploads\/2023\/04\/023-25102020-2020_IAM_CYCLOSPORTIFS_COL-ARPETTE\u00a9Tristan-Shu-Annecy-Mountains-scaled-1-e1744798105367-300x149.jpg 300w, https:\/\/www.laclusaz.com\/app\/uploads\/2023\/04\/023-25102020-2020_IAM_CYCLOSPORTIFS_COL-ARPETTE\u00a9Tristan-Shu-Annecy-Mountains-scaled-1-e1744798105367-1024x510.jpg 1024w, https:\/\/www.laclusaz.com\/app\/uploads\/2023\/04\/023-25102020-2020_IAM_CYCLOSPORTIFS_COL-ARPETTE\u00a9Tristan-Shu-Annecy-Mountains-scaled-1-e1744798105367-768x383.jpg 768w, https:\/\/www.laclusaz.com\/app\/uploads\/2023\/04\/023-25102020-2020_IAM_CYCLOSPORTIFS_COL-ARPETTE\u00a9Tristan-Shu-Annecy-Mountains-scaled-1-e1744798105367-340x170.jpg 340w, https:\/\/www.laclusaz.com\/app\/uploads\/2023\/04\/023-25102020-2020_IAM_CYCLOSPORTIFS_COL-ARPETTE\u00a9Tristan-Shu-Annecy-Mountains-scaled-1-e1744798105367-130x65.jpg 130w\" sizes=\"auto, (max-width: 1536px) 100vw, 1536px\" \/><\/h3>\n<h2 style=\"text-align: center;\"><strong>OUTDOOR ACTIVITIES<\/strong><\/h2>\n<div id=\"gtx-trans\" style=\"position: absolute; left: 121px; top: 512.213px;\">\n<div class=\"gtx-trans-icon\"><\/div>\n<\/div>\n"},{"acf_fc_layout":"one-col-content","contenu_1_colonne":"<p><strong>WALKING TRAILS<\/strong><\/p>\n<p>\ud83d\udccd The walking trails are currently being signposted.<\/p>\n<p><a class=\"button-arrow\" href=\"https:\/\/www.laclusaz.com\/app\/uploads\/2026\/04\/Randonnees-accessibles-avril-2026-v5.pdf\" target=\"_blank\" rel=\"noopener\">CURRENTLY SIGNPOSTED WALKING ROUTES<\/a><\/p>\n<ul>\n<li>Brochures available for purchase at the Tourist Office: a comprehensive map of signposted footpaths (\u20ac5), and themed guidebooks entitled \u2018Family Walks\u2019 and \u2018Must-Do Hikes\u2019 (\u20ac3 each).<\/li>\n<li>New app featuring selected routes and offering a geoguidance mode: \u201cLac Annecy Aravis Outdoor\u201d, available free of charge on the Apple and Google Stores from mid-May 2026.<\/li>\n<\/ul>\n<p><strong>CLIMBING<\/strong><\/p>\n<p>\ud83d\udccd Aravis training crag in La Clusaz and various sites in the Aravis. Subject to snow conditions.<br \/>\nGuidebook available for consultation at the Tourist Office.<br \/>\nFree access.<br \/>\nGuided tours available.<br \/>\nEnquiries to the Guides\u2019 Office<br \/>\n\ud83d\udcde 04 50 63 35 99 or 06 14 11 58 68<\/p>\n<p><strong>VIA FERRATA<\/strong><\/p>\n<p>\ud83d\udccd \u2018Yves Pollet Villard\u2019 site at Col des Aravis.<br \/>\n\ud83d\udcc5 <strong>Opening date to be confirmed<\/strong> (depending on snow conditions).<br \/>\nFor further information, please contact the Tourist Office.<br \/>\n\ud83d\udcde Enquiries to the Guides\u2019 Office<br \/>\n04 50 63 35 99 or 06 14 11 58 68<\/p>\n<p><strong>FISHING IN STREAMS AND RIVERS<\/strong><\/p>\n<p>Information and fishing permits available from La Clusaz Tourist Office.<br \/>\n\ud83d\udcde 04 50 32 65 00<\/p>\n<p><strong>MOUNTAINEERING, GLACIER TREKS<\/strong><\/p>\n<p>On request. For further information, please contact the Guides\u2019 Office<br \/>\n\ud83d\udcde 04 50 63 35 99 or 06 14 11 58 68<\/p>\n<h3>Parapente<\/h3>\n<ul>\n<li>With <strong>Aravis Parapente<\/strong><br \/>\nBooking required<br \/>\n\ud83d\udcde 06 88 07 04 72<\/li>\n<\/ul>\n<p><a class=\"button-arrow\" href=\"https:\/\/www.laclusaz.com\/en\/booking\/opis\" target=\"_blank\" rel=\"noopener\">INFORMATION AND BOOKINGS<\/a><\/p>\n<p>&nbsp;<\/p>\n<ul>\n<li class=\"cvGsUA direction-ltr align-justify para-style-body\">With <strong>S en Ciel<\/strong> Tandem Paragliding<br \/>\nBooking required.<br \/>\n\ud83d\udcde 06 60 55 33 57 or 06 11 82 72 05<\/li>\n<\/ul>\n<p><strong>CYCLING (ROAD CYCLING)<\/strong><\/p>\n<p>\ud83d\udccd Numerous mountain passes and routes nearby, freely accessible.<br \/>\nA map of the routes is available free of charge from the Tourist Office.<\/p>\n<p><a class=\"button-arrow\" href=\"https:\/\/www.annecymountains.com\/en\/cycling\/road-cycling\/\" target=\"_blank\" rel=\"noopener\">MORE INFOrmation<\/a><\/p>\n<p><strong>MOUNTAIN BIKING<\/strong><\/p>\n<p>\ud83d\udccd Cross-country (XC) trails are being marked out as the snow melts.<br \/>\nGiven the heavy snowfall this winter, please contact the Tourist Office in advance to find out which trails are open and marked.<br \/>\nFor routes that normally start at the top of a ski lift \u2013 as these are currently closed \u2013 you will need to take a different path to reach the starting point. This therefore increases the distance and elevation gain of certain routes.<br \/>\nFind the routes on our new app \u201cLac Annecy Aravis Outdoor\u201d, available free of charge on the Apple and Google Stores from 1 May 2026.<\/p>\n<p><strong>E-BIKE HIRE<\/strong><\/p>\n<ul>\n<li>with <strong>Alpes Aventures<\/strong><\/li>\n<\/ul>\n<p>E-bike hire for adults and children.<br \/>\n\ud83d\udcc5 Open Wednesday to Saturday (please call in advance to check opening hours).<br \/>\n\ud83d\udcde 04 58 23 10 00<\/p>\n<p><a class=\"button-arrow\" href=\"https:\/\/www.alpesaventures.com\/en\/bistro-velo-co\/\" target=\"_blank\" rel=\"noopener\">MORE INFOrmation<\/a><\/p>\n<ul>\n<li>with Le Schuss<\/li>\n<\/ul>\n<p>Rental of electric mountain bikes, downhill, enduro and cross-country mountain bikes, for adults and children.<br \/>\nBookings by email or phone.<br \/>\n\ud83d\udcc5 Open every day.<br \/>\n\ud83d\udcde 04 50 02 42 68<br \/>\n\ud83d\udce7 contact@le-schuss.fr<\/p>\n<p><a class=\"button-arrow\" href=\"https:\/\/www.laclusaz.com\/en\/details\/le-schuss\/\" target=\"_blank\" rel=\"noopener\">MORE INFOrmation<\/a><\/p>\n<p>&nbsp;<\/p>\n<p><strong>GOLF DES CONFINS<\/strong><\/p>\n<p>2&#215;6-hole course, driving range, putting green, lessons, equipment hire.<br \/>\n\ud83d\udcc5 Opening date to be confirmed (open every Saturday, Sunday and public holiday \u2013 subject to snow conditions).<br \/>\n\ud83d\udcde 06 37 48 35 99<\/p>\n<p><a class=\"button-arrow\" href=\"https:\/\/www.facebook.com\/people\/Golf-des-Confins\/100063716016419\/\" target=\"_blank\" rel=\"noopener\">MORE INFOrmation<\/a><\/p>\n<p>&nbsp;<\/p>\n<p><strong>PONY AND DONKEY RIDES: LES GALOPINS<\/strong><\/p>\n<p>Donkey, pony and llama hire on the magnificent Confins plateau.<br \/>\nSafety, a warm welcome, a change of scenery and the chance to explore exceptional natural surroundings await you.<br \/>\nIn the event of heavy rain, the activity is closed and the animals rest.<br \/>\n\ud83d\udcc5 Early May (<strong>date to be confirmed<\/strong>): open on Wednesdays, Saturdays, Sundays and public holidays, from 9.30am to 5.30pm.<br \/>\n\ud83d\udcde 07 45 12 31 23<\/p>\n<p><a class=\"button-arrow\" href=\"https:\/\/www.lesgalopins.info\/\" target=\"_blank\" rel=\"noopener\">MORE INFOrmation<\/a><\/p>\n<p><strong>CORTIBOT TENNIS<\/strong><\/p>\n<p>\ud83d\udccd Route des Confins, Free access (subject to snow conditions).<br \/>\nRackets and balls can be hired from the Sports Club during opening hours.<br \/>\n\ud83d\udcde 04 50 32 69 50<\/p>\n"},{"acf_fc_layout":"two-col-content","contenu_gauche":{"type_de_contenu_gauche":"texte","contenu_texte_gauche":"<h2 style=\"text-align: center;\"><strong>PLACES OF NATURAL BEAUTY TO VISIT<\/strong><\/h2>\n<ul>\n<li><strong>The hamlet of Les Confins<\/strong> (5 km above La Clusaz): lake, old chalets, walks (weather permitting), goat farm\u2026<\/li>\n<li><strong>Col des Aravis<\/strong> (7 km above La Clusaz): panoramic views of Mont Blanc in fine weather, souvenir shops, restaurants, \u2026<\/li>\n<li><strong>Beauregard Plateau<\/strong>: A plateau at an altitude of 1,600 metres with views of the Aravis range; access is via La Croix Fry, 7 km away, followed by a walk to the plateau (around 1 hour each way, depending on snow conditions).<\/li>\n<\/ul>\n","contenu_image_gauche":false,"caption":""},"contenu_droite":{"type_de_contenu_droite":"texte","contenu_image_droite":false,"caption":"","contenu_texte_droite":"<p><img loading=\"lazy\" decoding=\"async\" class=\"alignnone wp-image-197761 size-large\" src=\"https:\/\/www.laclusaz.com\/app\/uploads\/2023\/04\/LC2020-col-des-aravis-Pierrick-Aubert.jpg-768x1024.jpg\" alt=\"\" width=\"640\" height=\"853\" srcset=\"https:\/\/www.laclusaz.com\/app\/uploads\/2023\/04\/LC2020-col-des-aravis-Pierrick-Aubert.jpg-768x1024.jpg 768w, https:\/\/www.laclusaz.com\/app\/uploads\/2023\/04\/LC2020-col-des-aravis-Pierrick-Aubert.jpg-225x300.jpg 225w, https:\/\/www.laclusaz.com\/app\/uploads\/2023\/04\/LC2020-col-des-aravis-Pierrick-Aubert.jpg-1152x1536.jpg 1152w, https:\/\/www.laclusaz.com\/app\/uploads\/2023\/04\/LC2020-col-des-aravis-Pierrick-Aubert.jpg-1536x2048.jpg 1536w, https:\/\/www.laclusaz.com\/app\/uploads\/2023\/04\/LC2020-col-des-aravis-Pierrick-Aubert.jpg-98x130.jpg 98w, https:\/\/www.laclusaz.com\/app\/uploads\/2023\/04\/LC2020-col-des-aravis-Pierrick-Aubert.jpg-scaled.jpg 1440w\" sizes=\"auto, (max-width: 640px) 100vw, 640px\" \/><\/p>\n"}},{"acf_fc_layout":"one-col-content","contenu_1_colonne":"<h2>SPAS, MASSAGES &amp; WELLNESS<\/h2>\n"},{"acf_fc_layout":"one-col-content","contenu_1_colonne":"<p><strong>PHYSIOTHERAPY AND OSTEOPATHY CLINIC<\/strong><\/p>\n<p>Wellness massages available all year round, by appointment.<br \/>\n\ud83d\udcde 04 50 02 51 78<\/p>\n<p><a class=\"button-arrow\" href=\"https:\/\/www.osteoaravis.com\/\" target=\"_blank\" rel=\"noopener\">MORE INFOrmation<\/a><\/p>\n<p>&nbsp;<\/p>\n<p><strong>INSTITUT BY LUCIE<\/strong><\/p>\n<p>Massages and beauty treatments for men and women (face, body, waxing, make-up, manicures and pedicures)<br \/>\n\ud83d\udcc5 Monday to Saturday by appointment.<br \/>\n\ud83d\udcde 06 95 13 11 89<\/p>\n<p><a class=\"button-arrow\" href=\"https:\/\/linstitutbylucie.wixsite.com\/laclusaz\" target=\"_blank\" rel=\"noopener\">MORE INFOrmation<\/a><\/p>\n<p>&nbsp;<\/p>\n<p><strong>ALPINE INSTITUT<\/strong><\/p>\n<p>Facials, body treatments, hair removal and beauty treatments. Available all year round by appointment.<br \/>\n\ud83d\udcc5 Monday to Friday, 9am to 12pm and 2pm to 7pm. Saturdays, 9am to 12pm and 2pm to 6pm.<br \/>\n\ud83d\udcde 04 50 02 57 10<\/p>\n<p><a class=\"button-arrow\" href=\"https:\/\/www.alpineinstitut.com\/\" target=\"_blank\" rel=\"noopener\">MORE INFOrmation<\/a><\/p>\n<p>&nbsp;<\/p>\n<p><strong>NUXE SPA HOTEL ST ALBAN<\/strong><\/p>\n<p>Wellness massages at the spa.<br \/>\nBy appointment only.<br \/>\n\ud83d\udcc5 Open from 13 May, 10am to 8pm.<br \/>\n\ud83d\udcde 04 58 10 51 70<\/p>\n<p><a class=\"button-arrow\" href=\"https:\/\/www.hotelstalban.com\/en\/spa-wellness\" target=\"_blank\" rel=\"noopener\">MORE INFOrmation<\/a><\/p>\n<p>&nbsp;<\/p>\n<p><strong>CARLINA SPA<\/strong><\/p>\n<p>The wellness centre welcomes you without the need for a booking, from 10am to 8pm every day, in a modern, wood-panelled setting.<br \/>\n\ud83d\udcc5 Open from 14 May, 10am to 8pm.<br \/>\n\ud83d\udcde 04 50 02 43 48<\/p>\n<p><a class=\"button-arrow\" href=\"https:\/\/www.hotel-carlina.com\/en\/swimming-pool-spa\/\" target=\"_blank\" rel=\"noopener\">MORE INFOrmation<\/a><\/p>\n<p>&nbsp;<\/p>\n<p><strong>CRISTAL SPA &#8211; HOTEL BEAUREGARD<\/strong><\/p>\n<p>The wellness area is open to non-residents upon booking a treatment lasting at least 50 minutes, which entitles you to one hour\u2019s access to the wellness area.<br \/>\n\ud83d\udcc5 Open daily from 10am to 8pm.<br \/>\n\ud83d\udcde 04 50 32 68 00<\/p>\n<p><a class=\"button-arrow\" href=\"https:\/\/www.hotel-beauregard.fr\/en\/cristal-spa\/\" target=\"_blank\" rel=\"noopener\">MORE INFOrmation<\/a><\/p>\n<p>&nbsp;<\/p>\n"},{"acf_fc_layout":"two-col-content","contenu_gauche":{"type_de_contenu_gauche":"texte","contenu_texte_gauche":"<p><img loading=\"lazy\" decoding=\"async\" class=\"alignnone wp-image-197768 size-large\" src=\"https:\/\/www.laclusaz.com\/app\/uploads\/2023\/04\/LC2018-F.BLANC-marche-8-683x1024.jpg\" alt=\"\" width=\"640\" height=\"960\" srcset=\"https:\/\/www.laclusaz.com\/app\/uploads\/2023\/04\/LC2018-F.BLANC-marche-8-683x1024.jpg 683w, https:\/\/www.laclusaz.com\/app\/uploads\/2023\/04\/LC2018-F.BLANC-marche-8-200x300.jpg 200w, https:\/\/www.laclusaz.com\/app\/uploads\/2023\/04\/LC2018-F.BLANC-marche-8-768x1152.jpg 768w, https:\/\/www.laclusaz.com\/app\/uploads\/2023\/04\/LC2018-F.BLANC-marche-8-1024x1536.jpg 1024w, https:\/\/www.laclusaz.com\/app\/uploads\/2023\/04\/LC2018-F.BLANC-marche-8-1365x2048.jpg 1365w, https:\/\/www.laclusaz.com\/app\/uploads\/2023\/04\/LC2018-F.BLANC-marche-8-87x130.jpg 87w, https:\/\/www.laclusaz.com\/app\/uploads\/2023\/04\/LC2018-F.BLANC-marche-8-scaled.jpg 1280w\" sizes=\"auto, (max-width: 640px) 100vw, 640px\" \/><\/p>\n<h3><\/h3>\n<p>&nbsp;<\/p>\n","contenu_image_gauche":false,"caption":""},"contenu_droite":{"type_de_contenu_droite":"texte","contenu_image_droite":false,"caption":"","contenu_texte_droite":"<h2>EVENTS<\/h2>\n<p><strong>LA CLUSAZ MARKET<\/strong><\/p>\n<p>\ud83d\udcc5 Every Monday morning in the church square.<\/p>\n<p><strong>COMMUNITY CENTRE<\/strong><\/p>\n<p>\ud83d\udcc5 A wide range of activities and workshops (dance, yoga, Pilates, relaxation techniques, pottery, etc.).<\/p>\n<p><a class=\"button-arrow\" href=\"https:\/\/www.laclusaz.org\/contacts\/maison-des-habitants\/\" target=\"_blank\" rel=\"noopener\">MORE INFOrmation<\/a><\/p>\n<p>&nbsp;<\/p>\n"}},{"acf_fc_layout":"two-col-content","contenu_gauche":{"type_de_contenu_gauche":"texte","contenu_texte_gauche":"<h2 style=\"text-align: center;\"><strong>RESTAURANTS<\/strong><\/h2>\n<p><strong><span class=\"green-under\">In the village centre<\/span><br \/>\n<\/strong><\/p>\n<p>Le Bistro<br \/>\n\ud83d\udcde 04 50 02 64 37<br \/>\n\ud83d\udcc5 Open every day from 7am to 11pm.<\/p>\n<p>Le Bistrot Les 2 Mules<br \/>\n\ud83d\udcde 04 50 10 47 81<br \/>\n\ud83d\udcc5 Open Wednesday to Sunday. Lunch service (Sundays only) from 12pm to 2pm \/ Evening service (daily) from 6.45pm to 11pm.<\/p>\n<p>La Cal\u00e8che<br \/>\n\ud83d\udcde 04 50 02 42 60<br \/>\n\ud83d\udcc5 Until 10 May, open Tuesday to Saturday from 12 noon to 9.30 pm and Sunday from 12 noon to 3 pm. Continuous service. Closed Sunday evenings and Mondays.<\/p>\n<p>Le Ferme<br \/>\n\ud83d\udcde 04 50 02 50 50<br \/>\n\ud83d\udcc5 open from Thursday to Sunday<\/p>\n<p>La Fruiti\u00e8re<br \/>\n\ud83d\udcde 04 50 63 13 66<br \/>\n\ud83d\udcc5 Open Monday to Saturday for lunch and dinner, and Sunday for lunch.<\/p>\n<p>Le Petit Montagnard<br \/>\n\ud83d\udcde 04 50 63 38 38<br \/>\n\ud83d\udcc5 Open every day, except Sunday evenings.<\/p>\n<p>L&#8217;Outa<br \/>\n\ud83d\udcde 04 50 02 45 35<br \/>\n\ud83d\udcc5 Open until 11 May, Tuesday to Saturday from 10.30am to 10.30pm and Sunday from 10.30am to 3pm.<\/p>\n<p>Pizz&#8217; Avalanche<br \/>\n\ud83d\udcde 09 87 28 60 28<br \/>\n\ud83d\udcc5 Open during the long weekends in May<\/p>\n<p>Titina<br \/>\n\ud83d\udcde 04 50 23 97 47<br \/>\n\ud83d\udcc5 Open Wednesday to Sunday, for lunch and dinner.<\/p>\n<p>Le Scrapeur<br \/>\n\ud83d\udcc5 From 14 May to 17 May and from 23 May to 25 May, from 10.00 to 17.30.<\/p>\n<p><span class=\"green-under\"><strong>Col des Aravis<\/strong><\/span><\/p>\n<p>La Porte des Aravis<br \/>\n\ud83d\udcde 04 50 02 47 15<br \/>\n\ud83d\udcc5 Open daily, 9am to 6pm.<\/p>\n<p>Les Rhodos<br \/>\n\ud83d\udcde 04 50 64 53 56<br \/>\n\ud83d\udcc5 Open daily, for lunch and dinner.<\/p>\n<p><span class=\"green-under\"><strong>Etale<\/strong><\/span><\/p>\n<p>Le Chalet des Joux<br \/>\n\ud83d\udcde 04 50 45 18 47<br \/>\n\ud83d\udcc5 Open for lunch on 24 and 25 May.<\/p>\n<p><span class=\"green-under\"><strong>Confins<\/strong><\/span><\/p>\n<p>Le Chalet du Lac<br \/>\n\ud83d\udcde 04 50 02 53 26<br \/>\n\ud83d\udcc5 Open Thursday to Saturday for lunch and dinner, and Sunday for lunch.<\/p>\n<p>L&#8217;Endryre<br \/>\n\ud83d\udcde 04 50 02 48 92<br \/>\n\ud83d\udcc5 Open Wednesday to Sunday from 9am to 6pm.<\/p>\n","contenu_image_gauche":false,"caption":""},"contenu_droite":{"type_de_contenu_droite":"texte","contenu_image_droite":false,"caption":"","contenu_texte_droite":"<p><img loading=\"lazy\" decoding=\"async\" class=\"alignnone wp-image-197772 size-large\" src=\"https:\/\/www.laclusaz.com\/app\/uploads\/2023\/04\/LC2018-JMUGNIERY-Gastro-2-743x1024.jpg\" alt=\"\" width=\"640\" height=\"882\" srcset=\"https:\/\/www.laclusaz.com\/app\/uploads\/2023\/04\/LC2018-JMUGNIERY-Gastro-2-743x1024.jpg 743w, https:\/\/www.laclusaz.com\/app\/uploads\/2023\/04\/LC2018-JMUGNIERY-Gastro-2-218x300.jpg 218w, https:\/\/www.laclusaz.com\/app\/uploads\/2023\/04\/LC2018-JMUGNIERY-Gastro-2-768x1058.jpg 768w, https:\/\/www.laclusaz.com\/app\/uploads\/2023\/04\/LC2018-JMUGNIERY-Gastro-2-1115x1536.jpg 1115w, https:\/\/www.laclusaz.com\/app\/uploads\/2023\/04\/LC2018-JMUGNIERY-Gastro-2-1486x2048.jpg 1486w, https:\/\/www.laclusaz.com\/app\/uploads\/2023\/04\/LC2018-JMUGNIERY-Gastro-2-94x130.jpg 94w, https:\/\/www.laclusaz.com\/app\/uploads\/2023\/04\/LC2018-JMUGNIERY-Gastro-2-scaled.jpg 1393w\" sizes=\"auto, (max-width: 640px) 100vw, 640px\" \/><\/p>\n<p><img loading=\"lazy\" decoding=\"async\" class=\"size-full wp-image-116288 alignnone\" src=\"https:\/\/www.laclusaz.com\/app\/uploads\/2022\/09\/restaurants-1.jpg\" alt=\"\" width=\"675\" height=\"841\" srcset=\"https:\/\/www.laclusaz.com\/app\/uploads\/2022\/09\/restaurants-1.jpg 675w, https:\/\/www.laclusaz.com\/app\/uploads\/2022\/09\/restaurants-1-241x300.jpg 241w, https:\/\/www.laclusaz.com\/app\/uploads\/2022\/09\/restaurants-1-340x425.jpg 340w, https:\/\/www.laclusaz.com\/app\/uploads\/2022\/09\/restaurants-1-104x130.jpg 104w\" sizes=\"auto, (max-width: 675px) 100vw, 675px\" \/><\/p>\n<p><img loading=\"lazy\" decoding=\"async\" class=\"aligncenter size-full wp-image-284824\" src=\"https:\/\/www.laclusaz.com\/app\/uploads\/2024\/09\/LC-2024-lsaintmartin-laferme-web-12.jpg\" alt=\"\" width=\"1365\" height=\"2048\" srcset=\"https:\/\/www.laclusaz.com\/app\/uploads\/2024\/09\/LC-2024-lsaintmartin-laferme-web-12.jpg 1365w, https:\/\/www.laclusaz.com\/app\/uploads\/2024\/09\/LC-2024-lsaintmartin-laferme-web-12-200x300.jpg 200w, https:\/\/www.laclusaz.com\/app\/uploads\/2024\/09\/LC-2024-lsaintmartin-laferme-web-12-683x1024.jpg 683w, https:\/\/www.laclusaz.com\/app\/uploads\/2024\/09\/LC-2024-lsaintmartin-laferme-web-12-768x1152.jpg 768w, https:\/\/www.laclusaz.com\/app\/uploads\/2024\/09\/LC-2024-lsaintmartin-laferme-web-12-1024x1536.jpg 1024w, https:\/\/www.laclusaz.com\/app\/uploads\/2024\/09\/LC-2024-lsaintmartin-laferme-web-12-87x130.jpg 87w\" sizes=\"auto, (max-width: 1365px) 100vw, 1365px\" \/><\/p>\n"}},{"acf_fc_layout":"one-col-content","contenu_1_colonne":"<h3 style=\"text-align: center;\">Book your mountain holiday in May!<\/h3>\n<p style=\"text-align: center;\">The days are getting longer, the flowers are blooming, and the weather is warming up: it\u2019s the perfect time for a spring break in the mountains! Whether you prefer Ascension Day or Whitsun, come and discover La Clusaz during the quiet off-season.<\/p>\n<div class=\"mt-4\">\n<p class=\"dw\" style=\"text-align: center;\"><a class=\"button-arrow\" href=\"https:\/\/www.laclusaz.com\/en\/booking\/accommodations\" target=\"_blank\" rel=\"noopener\">BOOK YOUR STAY<\/a><\/p>\n<\/div>\n<div class=\"mt-4\"><\/div>\n"}]},"yoast_head":"<!-- This site is optimized with the Yoast SEO plugin v26.5 - https:\/\/yoast.com\/wordpress\/plugins\/seo\/ -->\n<title>Que faire en Mai \u00e0 La Clusaz ? | La Clusaz<\/title>\n<meta name=\"robots\" content=\"index, follow, max-snippet:-1, max-image-preview:large, max-video-preview:-1\" \/>\n<link rel=\"canonical\" href=\"https:\/\/www.laclusaz.com\/en\/le-mag\/inspirations-en\/que-faire-en-mai-a-la-clusaz\/\" \/>\n<meta property=\"og:locale\" content=\"en_US\" \/>\n<meta property=\"og:type\" content=\"article\" \/>\n<meta property=\"og:title\" content=\"Que faire en Mai \u00e0 La Clusaz ? | La Clusaz\" \/>\n<meta property=\"og:description\" content=\"27 April to 31 May 2026 May is a fairly quiet time here in the mountains, so why not come and enjoy some fresh air to recharge your batteries! Explore the [&hellip;]\" \/>\n<meta property=\"og:url\" content=\"https:\/\/www.laclusaz.com\/en\/le-mag\/inspirations-en\/que-faire-en-mai-a-la-clusaz\/\" \/>\n<meta property=\"og:site_name\" content=\"La Clusaz\" \/>\n<meta property=\"article:publisher\" content=\"https:\/\/www.facebook.com\/LaClusaz\" \/>\n<meta property=\"article:published_time\" content=\"2026-04-15T07:51:42+00:00\" \/>\n<meta property=\"article:modified_time\" content=\"2026-04-27T14:31:50+00:00\" \/>\n<meta property=\"og:image\" content=\"https:\/\/www.laclusaz.com\/app\/uploads\/2023\/02\/Paysage-ete.jpg\" \/>\n\t<meta property=\"og:image:width\" content=\"1376\" \/>\n\t<meta property=\"og:image:height\" content=\"545\" \/>\n\t<meta property=\"og:image:type\" content=\"image\/jpeg\" \/>\n<meta name=\"author\" content=\"Lucie Saint Martin\" \/>\n<meta name=\"twitter:card\" content=\"summary_large_image\" \/>\n<meta name=\"twitter:creator\" content=\"@LaClusaz\" \/>\n<meta name=\"twitter:site\" content=\"@LaClusaz\" \/>\n<meta name=\"twitter:label1\" content=\"Written by\" \/>\n\t<meta name=\"twitter:data1\" content=\"Lucie Saint Martin\" \/>\n\t<meta name=\"twitter:label2\" content=\"Est. reading time\" \/>\n\t<meta name=\"twitter:data2\" content=\"1 minute\" \/>\n<script type=\"application\/ld+json\" class=\"yoast-schema-graph\">{\"@context\":\"https:\/\/schema.org\",\"@graph\":[{\"@type\":\"Article\",\"@id\":\"https:\/\/www.laclusaz.com\/en\/le-mag\/inspirations-en\/que-faire-en-mai-a-la-clusaz\/#article\",\"isPartOf\":{\"@id\":\"https:\/\/www.laclusaz.com\/en\/le-mag\/inspirations-en\/que-faire-en-mai-a-la-clusaz\/\"},\"author\":{\"name\":\"Lucie Saint Martin\",\"@id\":\"https:\/\/www.laclusaz.com\/en\/#\/schema\/person\/ba40fc89353243da43623e6dacc4129a\"},\"headline\":\"Que faire en Mai \u00e0 La Clusaz ?\",\"datePublished\":\"2026-04-15T07:51:42+00:00\",\"dateModified\":\"2026-04-27T14:31:50+00:00\",\"mainEntityOfPage\":{\"@id\":\"https:\/\/www.laclusaz.com\/en\/le-mag\/inspirations-en\/que-faire-en-mai-a-la-clusaz\/\"},\"wordCount\":82,\"publisher\":{\"@id\":\"https:\/\/www.laclusaz.com\/en\/#organization\"},\"image\":{\"@id\":\"https:\/\/www.laclusaz.com\/en\/le-mag\/inspirations-en\/que-faire-en-mai-a-la-clusaz\/#primaryimage\"},\"thumbnailUrl\":\"https:\/\/www.laclusaz.com\/app\/uploads\/2023\/02\/Paysage-ete.jpg\",\"articleSection\":[\"Inspirations\"],\"inLanguage\":\"en-US\"},{\"@type\":\"WebPage\",\"@id\":\"https:\/\/www.laclusaz.com\/en\/le-mag\/inspirations-en\/que-faire-en-mai-a-la-clusaz\/\",\"url\":\"https:\/\/www.laclusaz.com\/en\/le-mag\/inspirations-en\/que-faire-en-mai-a-la-clusaz\/\",\"name\":\"Que faire en Mai \u00e0 La Clusaz ? | La Clusaz\",\"isPartOf\":{\"@id\":\"https:\/\/www.laclusaz.com\/en\/#website\"},\"primaryImageOfPage\":{\"@id\":\"https:\/\/www.laclusaz.com\/en\/le-mag\/inspirations-en\/que-faire-en-mai-a-la-clusaz\/#primaryimage\"},\"image\":{\"@id\":\"https:\/\/www.laclusaz.com\/en\/le-mag\/inspirations-en\/que-faire-en-mai-a-la-clusaz\/#primaryimage\"},\"thumbnailUrl\":\"https:\/\/www.laclusaz.com\/app\/uploads\/2023\/02\/Paysage-ete.jpg\",\"datePublished\":\"2026-04-15T07:51:42+00:00\",\"dateModified\":\"2026-04-27T14:31:50+00:00\",\"breadcrumb\":{\"@id\":\"https:\/\/www.laclusaz.com\/en\/le-mag\/inspirations-en\/que-faire-en-mai-a-la-clusaz\/#breadcrumb\"},\"inLanguage\":\"en-US\",\"potentialAction\":[{\"@type\":\"ReadAction\",\"target\":[\"https:\/\/www.laclusaz.com\/en\/le-mag\/inspirations-en\/que-faire-en-mai-a-la-clusaz\/\"]}]},{\"@type\":\"ImageObject\",\"inLanguage\":\"en-US\",\"@id\":\"https:\/\/www.laclusaz.com\/en\/le-mag\/inspirations-en\/que-faire-en-mai-a-la-clusaz\/#primaryimage\",\"url\":\"https:\/\/www.laclusaz.com\/app\/uploads\/2023\/02\/Paysage-ete.jpg\",\"contentUrl\":\"https:\/\/www.laclusaz.com\/app\/uploads\/2023\/02\/Paysage-ete.jpg\",\"width\":1376,\"height\":545},{\"@type\":\"BreadcrumbList\",\"@id\":\"https:\/\/www.laclusaz.com\/en\/le-mag\/inspirations-en\/que-faire-en-mai-a-la-clusaz\/#breadcrumb\",\"itemListElement\":[{\"@type\":\"ListItem\",\"position\":1,\"name\":\"Home\",\"item\":\"https:\/\/www.laclusaz.com\/en\/\"},{\"@type\":\"ListItem\",\"position\":2,\"name\":\"Inspirations\",\"item\":\"https:\/\/www.laclusaz.com\/en\/le-mag\/categorie\/inspirations-en\/\"},{\"@type\":\"ListItem\",\"position\":3,\"name\":\"Que faire en Mai \u00e0 La Clusaz ?\"}]},{\"@type\":\"WebSite\",\"@id\":\"https:\/\/www.laclusaz.com\/en\/#website\",\"url\":\"https:\/\/www.laclusaz.com\/en\/\",\"name\":\"La Clusaz\",\"description\":\"\",\"publisher\":{\"@id\":\"https:\/\/www.laclusaz.com\/en\/#organization\"},\"potentialAction\":[{\"@type\":\"SearchAction\",\"target\":{\"@type\":\"EntryPoint\",\"urlTemplate\":\"https:\/\/www.laclusaz.com\/en\/?s={search_term_string}\"},\"query-input\":{\"@type\":\"PropertyValueSpecification\",\"valueRequired\":true,\"valueName\":\"search_term_string\"}}],\"inLanguage\":\"en-US\"},{\"@type\":\"Organization\",\"@id\":\"https:\/\/www.laclusaz.com\/en\/#organization\",\"name\":\"La Clusaz\",\"url\":\"https:\/\/www.laclusaz.com\/en\/\",\"logo\":{\"@type\":\"ImageObject\",\"inLanguage\":\"en-US\",\"@id\":\"https:\/\/www.laclusaz.com\/en\/#\/schema\/logo\/image\/\",\"url\":\"https:\/\/www.laclusaz.com\/app\/uploads\/2023\/03\/Logo-La-Clusaz-French-Alps-paysage.png\",\"contentUrl\":\"https:\/\/www.laclusaz.com\/app\/uploads\/2023\/03\/Logo-La-Clusaz-French-Alps-paysage.png\",\"width\":1920,\"height\":1018,\"caption\":\"La Clusaz\"},\"image\":{\"@id\":\"https:\/\/www.laclusaz.com\/en\/#\/schema\/logo\/image\/\"},\"sameAs\":[\"https:\/\/www.facebook.com\/LaClusaz\",\"https:\/\/x.com\/LaClusaz\",\"https:\/\/www.instagram.com\/laclusazskiresort\/\",\"https:\/\/www.youtube.com\/channel\/UC0nXO2GDOebkqOvTCx8gtGA\",\"https:\/\/www.tiktok.com\/@la_clusaz\"]},{\"@type\":\"Person\",\"@id\":\"https:\/\/www.laclusaz.com\/en\/#\/schema\/person\/ba40fc89353243da43623e6dacc4129a\",\"name\":\"Lucie Saint Martin\",\"image\":{\"@type\":\"ImageObject\",\"inLanguage\":\"en-US\",\"@id\":\"https:\/\/www.laclusaz.com\/en\/#\/schema\/person\/image\/\",\"url\":\"https:\/\/secure.gravatar.com\/avatar\/48dc866697db9bcca0b922cc5407b5bd268e48c04cfaa20ca0444a44d5827f5d?s=96&d=mm&r=g\",\"contentUrl\":\"https:\/\/secure.gravatar.com\/avatar\/48dc866697db9bcca0b922cc5407b5bd268e48c04cfaa20ca0444a44d5827f5d?s=96&d=mm&r=g\",\"caption\":\"Lucie Saint Martin\"}}]}<\/script>\n<!-- \/ Yoast SEO plugin. -->","yoast_head_json":{"title":"Que faire en Mai \u00e0 La Clusaz ? | La Clusaz","robots":{"index":"index","follow":"follow","max-snippet":"max-snippet:-1","max-image-preview":"max-image-preview:large","max-video-preview":"max-video-preview:-1"},"canonical":"https:\/\/www.laclusaz.com\/en\/le-mag\/inspirations-en\/que-faire-en-mai-a-la-clusaz\/","og_locale":"en_US","og_type":"article","og_title":"Que faire en Mai \u00e0 La Clusaz ? | La Clusaz","og_description":"27 April to 31 May 2026 May is a fairly quiet time here in the mountains, so why not come and enjoy some fresh air to recharge your batteries! Explore the [&hellip;]","og_url":"https:\/\/www.laclusaz.com\/en\/le-mag\/inspirations-en\/que-faire-en-mai-a-la-clusaz\/","og_site_name":"La Clusaz","article_publisher":"https:\/\/www.facebook.com\/LaClusaz","article_published_time":"2026-04-15T07:51:42+00:00","article_modified_time":"2026-04-27T14:31:50+00:00","og_image":[{"width":1376,"height":545,"url":"https:\/\/www.laclusaz.com\/app\/uploads\/2023\/02\/Paysage-ete.jpg","type":"image\/jpeg"}],"author":"Lucie Saint Martin","twitter_card":"summary_large_image","twitter_creator":"@LaClusaz","twitter_site":"@LaClusaz","twitter_misc":{"Written by":"Lucie Saint Martin","Est. reading time":"1 minute"},"schema":{"@context":"https:\/\/schema.org","@graph":[{"@type":"Article","@id":"https:\/\/www.laclusaz.com\/en\/le-mag\/inspirations-en\/que-faire-en-mai-a-la-clusaz\/#article","isPartOf":{"@id":"https:\/\/www.laclusaz.com\/en\/le-mag\/inspirations-en\/que-faire-en-mai-a-la-clusaz\/"},"author":{"name":"Lucie Saint Martin","@id":"https:\/\/www.laclusaz.com\/en\/#\/schema\/person\/ba40fc89353243da43623e6dacc4129a"},"headline":"Que faire en Mai \u00e0 La Clusaz ?","datePublished":"2026-04-15T07:51:42+00:00","dateModified":"2026-04-27T14:31:50+00:00","mainEntityOfPage":{"@id":"https:\/\/www.laclusaz.com\/en\/le-mag\/inspirations-en\/que-faire-en-mai-a-la-clusaz\/"},"wordCount":82,"publisher":{"@id":"https:\/\/www.laclusaz.com\/en\/#organization"},"image":{"@id":"https:\/\/www.laclusaz.com\/en\/le-mag\/inspirations-en\/que-faire-en-mai-a-la-clusaz\/#primaryimage"},"thumbnailUrl":"https:\/\/www.laclusaz.com\/app\/uploads\/2023\/02\/Paysage-ete.jpg","articleSection":["Inspirations"],"inLanguage":"en-US"},{"@type":"WebPage","@id":"https:\/\/www.laclusaz.com\/en\/le-mag\/inspirations-en\/que-faire-en-mai-a-la-clusaz\/","url":"https:\/\/www.laclusaz.com\/en\/le-mag\/inspirations-en\/que-faire-en-mai-a-la-clusaz\/","name":"Que faire en Mai \u00e0 La Clusaz ? | La Clusaz","isPartOf":{"@id":"https:\/\/www.laclusaz.com\/en\/#website"},"primaryImageOfPage":{"@id":"https:\/\/www.laclusaz.com\/en\/le-mag\/inspirations-en\/que-faire-en-mai-a-la-clusaz\/#primaryimage"},"image":{"@id":"https:\/\/www.laclusaz.com\/en\/le-mag\/inspirations-en\/que-faire-en-mai-a-la-clusaz\/#primaryimage"},"thumbnailUrl":"https:\/\/www.laclusaz.com\/app\/uploads\/2023\/02\/Paysage-ete.jpg","datePublished":"2026-04-15T07:51:42+00:00","dateModified":"2026-04-27T14:31:50+00:00","breadcrumb":{"@id":"https:\/\/www.laclusaz.com\/en\/le-mag\/inspirations-en\/que-faire-en-mai-a-la-clusaz\/#breadcrumb"},"inLanguage":"en-US","potentialAction":[{"@type":"ReadAction","target":["https:\/\/www.laclusaz.com\/en\/le-mag\/inspirations-en\/que-faire-en-mai-a-la-clusaz\/"]}]},{"@type":"ImageObject","inLanguage":"en-US","@id":"https:\/\/www.laclusaz.com\/en\/le-mag\/inspirations-en\/que-faire-en-mai-a-la-clusaz\/#primaryimage","url":"https:\/\/www.laclusaz.com\/app\/uploads\/2023\/02\/Paysage-ete.jpg","contentUrl":"https:\/\/www.laclusaz.com\/app\/uploads\/2023\/02\/Paysage-ete.jpg","width":1376,"height":545},{"@type":"BreadcrumbList","@id":"https:\/\/www.laclusaz.com\/en\/le-mag\/inspirations-en\/que-faire-en-mai-a-la-clusaz\/#breadcrumb","itemListElement":[{"@type":"ListItem","position":1,"name":"Home","item":"https:\/\/www.laclusaz.com\/en\/"},{"@type":"ListItem","position":2,"name":"Inspirations","item":"https:\/\/www.laclusaz.com\/en\/le-mag\/categorie\/inspirations-en\/"},{"@type":"ListItem","position":3,"name":"Que faire en Mai \u00e0 La Clusaz ?"}]},{"@type":"WebSite","@id":"https:\/\/www.laclusaz.com\/en\/#website","url":"https:\/\/www.laclusaz.com\/en\/","name":"La Clusaz","description":"","publisher":{"@id":"https:\/\/www.laclusaz.com\/en\/#organization"},"potentialAction":[{"@type":"SearchAction","target":{"@type":"EntryPoint","urlTemplate":"https:\/\/www.laclusaz.com\/en\/?s={search_term_string}"},"query-input":{"@type":"PropertyValueSpecification","valueRequired":true,"valueName":"search_term_string"}}],"inLanguage":"en-US"},{"@type":"Organization","@id":"https:\/\/www.laclusaz.com\/en\/#organization","name":"La Clusaz","url":"https:\/\/www.laclusaz.com\/en\/","logo":{"@type":"ImageObject","inLanguage":"en-US","@id":"https:\/\/www.laclusaz.com\/en\/#\/schema\/logo\/image\/","url":"https:\/\/www.laclusaz.com\/app\/uploads\/2023\/03\/Logo-La-Clusaz-French-Alps-paysage.png","contentUrl":"https:\/\/www.laclusaz.com\/app\/uploads\/2023\/03\/Logo-La-Clusaz-French-Alps-paysage.png","width":1920,"height":1018,"caption":"La Clusaz"},"image":{"@id":"https:\/\/www.laclusaz.com\/en\/#\/schema\/logo\/image\/"},"sameAs":["https:\/\/www.facebook.com\/LaClusaz","https:\/\/x.com\/LaClusaz","https:\/\/www.instagram.com\/laclusazskiresort\/","https:\/\/www.youtube.com\/channel\/UC0nXO2GDOebkqOvTCx8gtGA","https:\/\/www.tiktok.com\/@la_clusaz"]},{"@type":"Person","@id":"https:\/\/www.laclusaz.com\/en\/#\/schema\/person\/ba40fc89353243da43623e6dacc4129a","name":"Lucie Saint Martin","image":{"@type":"ImageObject","inLanguage":"en-US","@id":"https:\/\/www.laclusaz.com\/en\/#\/schema\/person\/image\/","url":"https:\/\/secure.gravatar.com\/avatar\/48dc866697db9bcca0b922cc5407b5bd268e48c04cfaa20ca0444a44d5827f5d?s=96&d=mm&r=g","contentUrl":"https:\/\/secure.gravatar.com\/avatar\/48dc866697db9bcca0b922cc5407b5bd268e48c04cfaa20ca0444a44d5827f5d?s=96&d=mm&r=g","caption":"Lucie Saint Martin"}}]}},"_links":{"self":[{"href":"https:\/\/www.laclusaz.com\/en\/wp-json\/wp\/v2\/posts\/198188","targetHints":{"allow":["GET"]}}],"collection":[{"href":"https:\/\/www.laclusaz.com\/en\/wp-json\/wp\/v2\/posts"}],"about":[{"href":"https:\/\/www.laclusaz.com\/en\/wp-json\/wp\/v2\/types\/post"}],"author":[{"embeddable":true,"href":"https:\/\/www.laclusaz.com\/en\/wp-json\/wp\/v2\/users\/2"}],"replies":[{"embeddable":true,"href":"https:\/\/www.laclusaz.com\/en\/wp-json\/wp\/v2\/comments?post=198188"}],"version-history":[{"count":39,"href":"https:\/\/www.laclusaz.com\/en\/wp-json\/wp\/v2\/posts\/198188\/revisions"}],"predecessor-version":[{"id":430210,"href":"https:\/\/www.laclusaz.com\/en\/wp-json\/wp\/v2\/posts\/198188\/revisions\/430210"}],"wp:featuredmedia":[{"embeddable":true,"href":"https:\/\/www.laclusaz.com\/en\/wp-json\/wp\/v2\/media\/175245"}],"wp:attachment":[{"href":"https:\/\/www.laclusaz.com\/en\/wp-json\/wp\/v2\/media?parent=198188"}],"wp:term":[{"taxonomy":"category","embeddable":true,"href":"https:\/\/www.laclusaz.com\/en\/wp-json\/wp\/v2\/categories?post=198188"},{"taxonomy":"post_tag","embeddable":true,"href":"https:\/\/www.laclusaz.com\/en\/wp-json\/wp\/v2\/tags?post=198188"}],"curies":[{"name":"wp","href":"https:\/\/api.w.org\/{rel}","templated":true}]}}